{"id":5,"date":"2022-02-04T16:40:15","date_gmt":"2022-02-04T15:40:15","guid":{"rendered":"https:\/\/www.helloskola.cz\/gymnazium\/2022\/02\/04\/test-prispevku-pres-vsechny-interni-weby\/"},"modified":"2022-05-03T22:02:49","modified_gmt":"2022-05-03T20:02:49","slug":"literarni-autobusy-i-erasmus-vyjezdy","status":"publish","type":"post","link":"https:\/\/www.helloskola.cz\/gymnazium\/literarni-autobusy-i-erasmus-vyjezdy\/","title":{"rendered":"Liter\u00e1rn\u00ed autobusy i Erasmus v\u00fdjezdy"},"content":{"rendered":"\n<p>Druh\u00e1ky a t\u0159e\u0165\u00e1ky jazykov\u00e9 t\u0159\u00eddy jsme vyrazili na t\u0159\u00eddenn\u00ed jazykov\u00fd v\u00fdjezd: Hello Talks. Druh\u00e1ky \u010dek\u00e1 Lipnice, vila Tugendhat i V\u00e1chalovo Portmoneum. V r\u00e1mci Erasmus projekt\u016f je\u0161t\u011b letos vyr\u00e1\u017e\u00edme na Island, do \u0160pan\u011blska, Polska a Norska. <\/p>\n\n\n\n<p>U\u010ditel\u00e9 ze \u0160pan\u011blska u\u017e nav\u0161t\u00edvili na\u0161i \u0161kolu, byli v hodin\u00e1ch a s na\u0161imi studenty objevili kr\u00e1su Ostravy (nejvy\u0161\u0161\u00edho a nejni\u017e\u0161\u00edho bodu). Pod\u00edvejte.<\/p>\n\n\n\n<figure class=\"wp-block-image size-large\"><img fetchpriority=\"high\" decoding=\"async\" width=\"1024\" height=\"768\" src=\"https:\/\/www.helloskola.cz\/gymnazium\/wp-content\/uploads\/sites\/3\/2022\/05\/sj3-1-1024x768.jpg\" alt=\"\" class=\"wp-image-1896\" srcset=\"https:\/\/www.helloskola.cz\/gymnazium\/wp-content\/uploads\/sites\/3\/2022\/05\/sj3-1-1024x768.jpg 1024w, https:\/\/www.helloskola.cz\/gymnazium\/wp-content\/uploads\/sites\/3\/2022\/05\/sj3-1-300x225.jpg 300w, https:\/\/www.helloskola.cz\/gymnazium\/wp-content\/uploads\/sites\/3\/2022\/05\/sj3-1-768x576.jpg 768w, https:\/\/www.helloskola.cz\/gymnazium\/wp-content\/uploads\/sites\/3\/2022\/05\/sj3-1-1536x1152.jpg 1536w, https:\/\/www.helloskola.cz\/gymnazium\/wp-content\/uploads\/sites\/3\/2022\/05\/sj3-1-2048x1536.jpg 2048w\" sizes=\"(max-width: 1024px) 100vw, 1024px\" \/><figcaption>A takhle d\u00e1my ve <a href=\"https:\/\/cree-erasmus-ka101.blogspot.com\/2022\/03\/job-shadowing-republica-checa-viernes.html?m=1\">vlogu<\/a> hodnotily pobyt na Hello a v Ostrav\u011b v\u016fbec.<\/figcaption><\/figure>\n\n\n\n<p>Nyn\u00ed se u\u017e v Grausu chystaj\u00ed na n\u00e1v\u0161t\u011bvu na\u0161ich student\u016f.<\/p>\n","protected":false},"excerpt":{"rendered":"<p>Druh\u00e1ky a t\u0159e\u0165\u00e1ky jazykov\u00e9 t\u0159\u00eddy jsme vyrazili na t\u0159\u00eddenn\u00ed jazykov\u00fd v\u00fdjezd: Hello Talks. Druh\u00e1ky \u010dek\u00e1 Lipnice, vila Tugendhat i V\u00e1chalovo Portmoneum. V r\u00e1mci Erasmus projekt\u016f je\u0161t\u011b letos vyr\u00e1\u017e\u00edme na Island, do \u0160pan\u011blska, Polska a Norska. U\u010ditel\u00e9 ze \u0160pan\u011blska u\u017e nav\u0161t\u00edvili na\u0161i \u0161kolu, byli v hodin\u00e1ch a s na\u0161imi studenty objevili kr\u00e1su Ostravy (nejvy\u0161\u0161\u00edho a nejni\u017e\u0161\u00edho [&hellip;]<\/p>\n","protected":false},"author":1,"featured_media":1350,"comment_status":"closed","ping_status":"closed","sticky":false,"template":"","format":"standard","meta":{"footnotes":""},"categories":[1],"tags":[],"class_list":["post-5","post","type-post","status-publish","format-standard","has-post-thumbnail","hentry","category-novinky-z-gymplu"],"yoast_head":"<!-- This site is optimized with the Yoast SEO plugin v24.8.1 - https:\/\/yoast.com\/wordpress\/plugins\/seo\/ -->\n<title>Liter\u00e1rn\u00ed autobusy i Erasmus v\u00fdjezdy | Gymn\u00e1zium HELLO<\/title>\n<meta name=\"robots\" content=\"index, follow, max-snippet:-1, max-image-preview:large, max-video-preview:-1\" \/>\n<link rel=\"canonical\" href=\"https:\/\/www.helloskola.cz\/gymnazium\/literarni-autobusy-i-erasmus-vyjezdy\/\" \/>\n<meta property=\"og:locale\" content=\"cs_CZ\" \/>\n<meta property=\"og:type\" content=\"article\" \/>\n<meta property=\"og:title\" content=\"Liter\u00e1rn\u00ed autobusy i Erasmus v\u00fdjezdy | Gymn\u00e1zium HELLO\" \/>\n<meta property=\"og:description\" content=\"Druh\u00e1ky a t\u0159e\u0165\u00e1ky jazykov\u00e9 t\u0159\u00eddy jsme vyrazili na t\u0159\u00eddenn\u00ed jazykov\u00fd v\u00fdjezd: Hello Talks. Druh\u00e1ky \u010dek\u00e1 Lipnice, vila Tugendhat i V\u00e1chalovo Portmoneum. V r\u00e1mci Erasmus projekt\u016f je\u0161t\u011b letos vyr\u00e1\u017e\u00edme na Island, do \u0160pan\u011blska, Polska a Norska. U\u010ditel\u00e9 ze \u0160pan\u011blska u\u017e nav\u0161t\u00edvili na\u0161i \u0161kolu, byli v hodin\u00e1ch a s na\u0161imi studenty objevili kr\u00e1su Ostravy (nejvy\u0161\u0161\u00edho a nejni\u017e\u0161\u00edho [&hellip;]\" \/>\n<meta property=\"og:url\" content=\"https:\/\/www.helloskola.cz\/gymnazium\/literarni-autobusy-i-erasmus-vyjezdy\/\" \/>\n<meta property=\"og:site_name\" content=\"Gymn\u00e1zium HELLO\" \/>\n<meta property=\"article:published_time\" content=\"2022-02-04T15:40:15+00:00\" \/>\n<meta property=\"article:modified_time\" content=\"2022-05-03T20:02:49+00:00\" \/>\n<meta property=\"og:image\" content=\"https:\/\/www.helloskola.cz\/gymnazium\/wp-content\/uploads\/sites\/3\/2022\/02\/prosinec-ve-skolce-10-1024x819.png\" \/>\n\t<meta property=\"og:image:width\" content=\"1024\" \/>\n\t<meta property=\"og:image:height\" content=\"819\" \/>\n\t<meta property=\"og:image:type\" content=\"image\/png\" \/>\n<meta name=\"author\" content=\"janhanzl\" \/>\n<meta name=\"twitter:card\" content=\"summary_large_image\" \/>\n<meta name=\"twitter:label1\" content=\"Napsal(a)\" \/>\n\t<meta name=\"twitter:data1\" content=\"janhanzl\" \/>\n\t<meta name=\"twitter:label2\" content=\"Odhadovan\u00e1 doba \u010dten\u00ed\" \/>\n\t<meta name=\"twitter:data2\" content=\"1 minuta\" \/>\n<script type=\"application\/ld+json\" class=\"yoast-schema-graph\">{\"@context\":\"https:\/\/schema.org\",\"@graph\":[{\"@type\":\"Article\",\"@id\":\"https:\/\/www.helloskola.cz\/gymnazium\/literarni-autobusy-i-erasmus-vyjezdy\/#article\",\"isPartOf\":{\"@id\":\"https:\/\/www.helloskola.cz\/gymnazium\/literarni-autobusy-i-erasmus-vyjezdy\/\"},\"author\":{\"name\":\"janhanzl\",\"@id\":\"https:\/\/www.helloskola.cz\/gymnazium\/#\/schema\/person\/1eda3943d83d901bfa9f5f3f14cd69b2\"},\"headline\":\"Liter\u00e1rn\u00ed autobusy i Erasmus v\u00fdjezdy\",\"datePublished\":\"2022-02-04T15:40:15+00:00\",\"dateModified\":\"2022-05-03T20:02:49+00:00\",\"mainEntityOfPage\":{\"@id\":\"https:\/\/www.helloskola.cz\/gymnazium\/literarni-autobusy-i-erasmus-vyjezdy\/\"},\"wordCount\":116,\"publisher\":{\"@id\":\"https:\/\/www.helloskola.cz\/gymnazium\/#organization\"},\"image\":{\"@id\":\"https:\/\/www.helloskola.cz\/gymnazium\/literarni-autobusy-i-erasmus-vyjezdy\/#primaryimage\"},\"thumbnailUrl\":\"https:\/\/www.helloskola.cz\/gymnazium\/wp-content\/uploads\/sites\/3\/2022\/02\/prosinec-ve-skolce-10.png\",\"articleSection\":[\"Novinky z gymplu\"],\"inLanguage\":\"cs\"},{\"@type\":\"WebPage\",\"@id\":\"https:\/\/www.helloskola.cz\/gymnazium\/literarni-autobusy-i-erasmus-vyjezdy\/\",\"url\":\"https:\/\/www.helloskola.cz\/gymnazium\/literarni-autobusy-i-erasmus-vyjezdy\/\",\"name\":\"Liter\u00e1rn\u00ed autobusy i Erasmus v\u00fdjezdy | Gymn\u00e1zium HELLO\",\"isPartOf\":{\"@id\":\"https:\/\/www.helloskola.cz\/gymnazium\/#website\"},\"primaryImageOfPage\":{\"@id\":\"https:\/\/www.helloskola.cz\/gymnazium\/literarni-autobusy-i-erasmus-vyjezdy\/#primaryimage\"},\"image\":{\"@id\":\"https:\/\/www.helloskola.cz\/gymnazium\/literarni-autobusy-i-erasmus-vyjezdy\/#primaryimage\"},\"thumbnailUrl\":\"https:\/\/www.helloskola.cz\/gymnazium\/wp-content\/uploads\/sites\/3\/2022\/02\/prosinec-ve-skolce-10.png\",\"datePublished\":\"2022-02-04T15:40:15+00:00\",\"dateModified\":\"2022-05-03T20:02:49+00:00\",\"breadcrumb\":{\"@id\":\"https:\/\/www.helloskola.cz\/gymnazium\/literarni-autobusy-i-erasmus-vyjezdy\/#breadcrumb\"},\"inLanguage\":\"cs\",\"potentialAction\":[{\"@type\":\"ReadAction\",\"target\":[\"https:\/\/www.helloskola.cz\/gymnazium\/literarni-autobusy-i-erasmus-vyjezdy\/\"]}]},{\"@type\":\"ImageObject\",\"inLanguage\":\"cs\",\"@id\":\"https:\/\/www.helloskola.cz\/gymnazium\/literarni-autobusy-i-erasmus-vyjezdy\/#primaryimage\",\"url\":\"https:\/\/www.helloskola.cz\/gymnazium\/wp-content\/uploads\/sites\/3\/2022\/02\/prosinec-ve-skolce-10.png\",\"contentUrl\":\"https:\/\/www.helloskola.cz\/gymnazium\/wp-content\/uploads\/sites\/3\/2022\/02\/prosinec-ve-skolce-10.png\",\"width\":2000,\"height\":1600},{\"@type\":\"BreadcrumbList\",\"@id\":\"https:\/\/www.helloskola.cz\/gymnazium\/literarni-autobusy-i-erasmus-vyjezdy\/#breadcrumb\",\"itemListElement\":[{\"@type\":\"ListItem\",\"position\":1,\"name\":\"\u00davod\",\"item\":\"https:\/\/www.helloskola.cz\/gymnazium\/\"},{\"@type\":\"ListItem\",\"position\":2,\"name\":\"Novinky z gymplu\",\"item\":\"https:\/\/www.helloskola.cz\/gymnazium\/k\/novinky-z-gymplu\/\"},{\"@type\":\"ListItem\",\"position\":3,\"name\":\"Liter\u00e1rn\u00ed autobusy i Erasmus v\u00fdjezdy\"}]},{\"@type\":\"WebSite\",\"@id\":\"https:\/\/www.helloskola.cz\/gymnazium\/#website\",\"url\":\"https:\/\/www.helloskola.cz\/gymnazium\/\",\"name\":\"Gymn\u00e1zium HELLO\",\"description\":\"St\u0159edn\u00ed \u0161kola s pos\u00edlenou v\u00fdukou ciz\u00edch jazyk\u016f\",\"publisher\":{\"@id\":\"https:\/\/www.helloskola.cz\/gymnazium\/#organization\"},\"potentialAction\":[{\"@type\":\"SearchAction\",\"target\":{\"@type\":\"EntryPoint\",\"urlTemplate\":\"https:\/\/www.helloskola.cz\/gymnazium\/?s={search_term_string}\"},\"query-input\":{\"@type\":\"PropertyValueSpecification\",\"valueRequired\":true,\"valueName\":\"search_term_string\"}}],\"inLanguage\":\"cs\"},{\"@type\":\"Organization\",\"@id\":\"https:\/\/www.helloskola.cz\/gymnazium\/#organization\",\"name\":\"Gymn\u00e1zium Hello\",\"url\":\"https:\/\/www.helloskola.cz\/gymnazium\/\",\"logo\":{\"@type\":\"ImageObject\",\"inLanguage\":\"cs\",\"@id\":\"https:\/\/www.helloskola.cz\/gymnazium\/#\/schema\/logo\/image\/\",\"url\":\"https:\/\/www.helloskola.cz\/gymnazium\/wp-content\/uploads\/sites\/3\/2022\/02\/hello_gy_cmyk-1.svg\",\"contentUrl\":\"https:\/\/www.helloskola.cz\/gymnazium\/wp-content\/uploads\/sites\/3\/2022\/02\/hello_gy_cmyk-1.svg\",\"width\":100,\"height\":100,\"caption\":\"Gymn\u00e1zium Hello\"},\"image\":{\"@id\":\"https:\/\/www.helloskola.cz\/gymnazium\/#\/schema\/logo\/image\/\"}},{\"@type\":\"Person\",\"@id\":\"https:\/\/www.helloskola.cz\/gymnazium\/#\/schema\/person\/1eda3943d83d901bfa9f5f3f14cd69b2\",\"name\":\"janhanzl\",\"image\":{\"@type\":\"ImageObject\",\"inLanguage\":\"cs\",\"@id\":\"https:\/\/www.helloskola.cz\/gymnazium\/#\/schema\/person\/image\/\",\"url\":\"https:\/\/secure.gravatar.com\/avatar\/3d03e01c435549d2b0799892fc0a0e7bea3dbbfb5699712e9823e9991ea906f0?s=96&d=mm&r=g\",\"contentUrl\":\"https:\/\/secure.gravatar.com\/avatar\/3d03e01c435549d2b0799892fc0a0e7bea3dbbfb5699712e9823e9991ea906f0?s=96&d=mm&r=g\",\"caption\":\"janhanzl\"},\"sameAs\":[\"https:\/\/www.janhanzl.cz\"]}]}<\/script>\n<!-- \/ Yoast SEO plugin. -->","yoast_head_json":{"title":"Liter\u00e1rn\u00ed autobusy i Erasmus v\u00fdjezdy | Gymn\u00e1zium HELLO","robots":{"index":"index","follow":"follow","max-snippet":"max-snippet:-1","max-image-preview":"max-image-preview:large","max-video-preview":"max-video-preview:-1"},"canonical":"https:\/\/www.helloskola.cz\/gymnazium\/literarni-autobusy-i-erasmus-vyjezdy\/","og_locale":"cs_CZ","og_type":"article","og_title":"Liter\u00e1rn\u00ed autobusy i Erasmus v\u00fdjezdy | Gymn\u00e1zium HELLO","og_description":"Druh\u00e1ky a t\u0159e\u0165\u00e1ky jazykov\u00e9 t\u0159\u00eddy jsme vyrazili na t\u0159\u00eddenn\u00ed jazykov\u00fd v\u00fdjezd: Hello Talks. Druh\u00e1ky \u010dek\u00e1 Lipnice, vila Tugendhat i V\u00e1chalovo Portmoneum. V r\u00e1mci Erasmus projekt\u016f je\u0161t\u011b letos vyr\u00e1\u017e\u00edme na Island, do \u0160pan\u011blska, Polska a Norska. U\u010ditel\u00e9 ze \u0160pan\u011blska u\u017e nav\u0161t\u00edvili na\u0161i \u0161kolu, byli v hodin\u00e1ch a s na\u0161imi studenty objevili kr\u00e1su Ostravy (nejvy\u0161\u0161\u00edho a nejni\u017e\u0161\u00edho [&hellip;]","og_url":"https:\/\/www.helloskola.cz\/gymnazium\/literarni-autobusy-i-erasmus-vyjezdy\/","og_site_name":"Gymn\u00e1zium HELLO","article_published_time":"2022-02-04T15:40:15+00:00","article_modified_time":"2022-05-03T20:02:49+00:00","og_image":[{"width":1024,"height":819,"url":"https:\/\/www.helloskola.cz\/gymnazium\/wp-content\/uploads\/sites\/3\/2022\/02\/prosinec-ve-skolce-10-1024x819.png","type":"image\/png"}],"author":"janhanzl","twitter_card":"summary_large_image","twitter_misc":{"Napsal(a)":"janhanzl","Odhadovan\u00e1 doba \u010dten\u00ed":"1 minuta"},"schema":{"@context":"https:\/\/schema.org","@graph":[{"@type":"Article","@id":"https:\/\/www.helloskola.cz\/gymnazium\/literarni-autobusy-i-erasmus-vyjezdy\/#article","isPartOf":{"@id":"https:\/\/www.helloskola.cz\/gymnazium\/literarni-autobusy-i-erasmus-vyjezdy\/"},"author":{"name":"janhanzl","@id":"https:\/\/www.helloskola.cz\/gymnazium\/#\/schema\/person\/1eda3943d83d901bfa9f5f3f14cd69b2"},"headline":"Liter\u00e1rn\u00ed autobusy i Erasmus v\u00fdjezdy","datePublished":"2022-02-04T15:40:15+00:00","dateModified":"2022-05-03T20:02:49+00:00","mainEntityOfPage":{"@id":"https:\/\/www.helloskola.cz\/gymnazium\/literarni-autobusy-i-erasmus-vyjezdy\/"},"wordCount":116,"publisher":{"@id":"https:\/\/www.helloskola.cz\/gymnazium\/#organization"},"image":{"@id":"https:\/\/www.helloskola.cz\/gymnazium\/literarni-autobusy-i-erasmus-vyjezdy\/#primaryimage"},"thumbnailUrl":"https:\/\/www.helloskola.cz\/gymnazium\/wp-content\/uploads\/sites\/3\/2022\/02\/prosinec-ve-skolce-10.png","articleSection":["Novinky z gymplu"],"inLanguage":"cs"},{"@type":"WebPage","@id":"https:\/\/www.helloskola.cz\/gymnazium\/literarni-autobusy-i-erasmus-vyjezdy\/","url":"https:\/\/www.helloskola.cz\/gymnazium\/literarni-autobusy-i-erasmus-vyjezdy\/","name":"Liter\u00e1rn\u00ed autobusy i Erasmus v\u00fdjezdy | Gymn\u00e1zium HELLO","isPartOf":{"@id":"https:\/\/www.helloskola.cz\/gymnazium\/#website"},"primaryImageOfPage":{"@id":"https:\/\/www.helloskola.cz\/gymnazium\/literarni-autobusy-i-erasmus-vyjezdy\/#primaryimage"},"image":{"@id":"https:\/\/www.helloskola.cz\/gymnazium\/literarni-autobusy-i-erasmus-vyjezdy\/#primaryimage"},"thumbnailUrl":"https:\/\/www.helloskola.cz\/gymnazium\/wp-content\/uploads\/sites\/3\/2022\/02\/prosinec-ve-skolce-10.png","datePublished":"2022-02-04T15:40:15+00:00","dateModified":"2022-05-03T20:02:49+00:00","breadcrumb":{"@id":"https:\/\/www.helloskola.cz\/gymnazium\/literarni-autobusy-i-erasmus-vyjezdy\/#breadcrumb"},"inLanguage":"cs","potentialAction":[{"@type":"ReadAction","target":["https:\/\/www.helloskola.cz\/gymnazium\/literarni-autobusy-i-erasmus-vyjezdy\/"]}]},{"@type":"ImageObject","inLanguage":"cs","@id":"https:\/\/www.helloskola.cz\/gymnazium\/literarni-autobusy-i-erasmus-vyjezdy\/#primaryimage","url":"https:\/\/www.helloskola.cz\/gymnazium\/wp-content\/uploads\/sites\/3\/2022\/02\/prosinec-ve-skolce-10.png","contentUrl":"https:\/\/www.helloskola.cz\/gymnazium\/wp-content\/uploads\/sites\/3\/2022\/02\/prosinec-ve-skolce-10.png","width":2000,"height":1600},{"@type":"BreadcrumbList","@id":"https:\/\/www.helloskola.cz\/gymnazium\/literarni-autobusy-i-erasmus-vyjezdy\/#breadcrumb","itemListElement":[{"@type":"ListItem","position":1,"name":"\u00davod","item":"https:\/\/www.helloskola.cz\/gymnazium\/"},{"@type":"ListItem","position":2,"name":"Novinky z gymplu","item":"https:\/\/www.helloskola.cz\/gymnazium\/k\/novinky-z-gymplu\/"},{"@type":"ListItem","position":3,"name":"Liter\u00e1rn\u00ed autobusy i Erasmus v\u00fdjezdy"}]},{"@type":"WebSite","@id":"https:\/\/www.helloskola.cz\/gymnazium\/#website","url":"https:\/\/www.helloskola.cz\/gymnazium\/","name":"Gymn\u00e1zium HELLO","description":"St\u0159edn\u00ed \u0161kola s pos\u00edlenou v\u00fdukou ciz\u00edch jazyk\u016f","publisher":{"@id":"https:\/\/www.helloskola.cz\/gymnazium\/#organization"},"potentialAction":[{"@type":"SearchAction","target":{"@type":"EntryPoint","urlTemplate":"https:\/\/www.helloskola.cz\/gymnazium\/?s={search_term_string}"},"query-input":{"@type":"PropertyValueSpecification","valueRequired":true,"valueName":"search_term_string"}}],"inLanguage":"cs"},{"@type":"Organization","@id":"https:\/\/www.helloskola.cz\/gymnazium\/#organization","name":"Gymn\u00e1zium Hello","url":"https:\/\/www.helloskola.cz\/gymnazium\/","logo":{"@type":"ImageObject","inLanguage":"cs","@id":"https:\/\/www.helloskola.cz\/gymnazium\/#\/schema\/logo\/image\/","url":"https:\/\/www.helloskola.cz\/gymnazium\/wp-content\/uploads\/sites\/3\/2022\/02\/hello_gy_cmyk-1.svg","contentUrl":"https:\/\/www.helloskola.cz\/gymnazium\/wp-content\/uploads\/sites\/3\/2022\/02\/hello_gy_cmyk-1.svg","width":100,"height":100,"caption":"Gymn\u00e1zium Hello"},"image":{"@id":"https:\/\/www.helloskola.cz\/gymnazium\/#\/schema\/logo\/image\/"}},{"@type":"Person","@id":"https:\/\/www.helloskola.cz\/gymnazium\/#\/schema\/person\/1eda3943d83d901bfa9f5f3f14cd69b2","name":"janhanzl","image":{"@type":"ImageObject","inLanguage":"cs","@id":"https:\/\/www.helloskola.cz\/gymnazium\/#\/schema\/person\/image\/","url":"https:\/\/secure.gravatar.com\/avatar\/3d03e01c435549d2b0799892fc0a0e7bea3dbbfb5699712e9823e9991ea906f0?s=96&d=mm&r=g","contentUrl":"https:\/\/secure.gravatar.com\/avatar\/3d03e01c435549d2b0799892fc0a0e7bea3dbbfb5699712e9823e9991ea906f0?s=96&d=mm&r=g","caption":"janhanzl"},"sameAs":["https:\/\/www.janhanzl.cz"]}]}},"_links":{"self":[{"href":"https:\/\/www.helloskola.cz\/gymnazium\/wp-json\/wp\/v2\/posts\/5","targetHints":{"allow":["GET"]}}],"collection":[{"href":"https:\/\/www.helloskola.cz\/gymnazium\/wp-json\/wp\/v2\/posts"}],"about":[{"href":"https:\/\/www.helloskola.cz\/gymnazium\/wp-json\/wp\/v2\/types\/post"}],"author":[{"embeddable":true,"href":"https:\/\/www.helloskola.cz\/gymnazium\/wp-json\/wp\/v2\/users\/1"}],"replies":[{"embeddable":true,"href":"https:\/\/www.helloskola.cz\/gymnazium\/wp-json\/wp\/v2\/comments?post=5"}],"version-history":[{"count":5,"href":"https:\/\/www.helloskola.cz\/gymnazium\/wp-json\/wp\/v2\/posts\/5\/revisions"}],"predecessor-version":[{"id":1897,"href":"https:\/\/www.helloskola.cz\/gymnazium\/wp-json\/wp\/v2\/posts\/5\/revisions\/1897"}],"wp:featuredmedia":[{"embeddable":true,"href":"https:\/\/www.helloskola.cz\/gymnazium\/wp-json\/wp\/v2\/media\/1350"}],"wp:attachment":[{"href":"https:\/\/www.helloskola.cz\/gymnazium\/wp-json\/wp\/v2\/media?parent=5"}],"wp:term":[{"taxonomy":"category","embeddable":true,"href":"https:\/\/www.helloskola.cz\/gymnazium\/wp-json\/wp\/v2\/categories?post=5"},{"taxonomy":"post_tag","embeddable":true,"href":"https:\/\/www.helloskola.cz\/gymnazium\/wp-json\/wp\/v2\/tags?post=5"}],"curies":[{"name":"wp","href":"https:\/\/api.w.org\/{rel}","templated":true}]}}