{"id":3754,"date":"2022-09-22T18:47:05","date_gmt":"2022-09-22T16:47:05","guid":{"rendered":"https:\/\/www.helloskola.cz\/gymnazium\/?p=3754"},"modified":"2022-09-30T20:06:32","modified_gmt":"2022-09-30T18:06:32","slug":"odbornici-ve-vyuce","status":"publish","type":"post","link":"https:\/\/www.helloskola.cz\/gymnazium\/odbornici-ve-vyuce\/","title":{"rendered":"Odborn\u00edci ve v\u00fduce"},"content":{"rendered":"\n<p>Letos se na\u0161i gymnazist\u00e9 mohou mimo jin\u00e9 t\u011b\u0161it na tato t\u00e9mata:\u00a0<\/p>\n\n\n\n<ul class=\"wp-block-list\"><li>Jak vl\u00e1dli \u010deskosloven\u0161t\u00ed stalinist\u00e9? Vy\u0161et\u0159ov\u00e1n\u00ed p\u0159\u00edpadu siln\u00e9 \u010dty\u0159ky (d\u011bjepisn\u00fd semin\u00e1\u0159)<\/li><li>Mor, smrt a um\u00edr\u00e1n\u00ed v um\u011bn\u00ed pozdn\u00edho st\u0159edov\u011bku (2. ro\u010dn\u00edky)<\/li><li>Machiavelliho \u201eamor\u00e1ln\u00ed\u201c politika \u2013(2. ro\u010dn\u00edky a maturanti)<\/li><li>NIETZSCHE A NAD\u010cLOV\u011aK (maturanti)\u00a0<\/li><li>S\u00d3KRATES A PLAT\u00d3N (maturanti)<\/li><li>Kram\u00e1\u0159sk\u00e9 p\u00edsn\u011b jako sou\u010d\u00e1st popul\u00e1rn\u00ed kultury ran\u00e9ho novov\u011bku (2. ro\u010dn\u00edky)<\/li><li>Nen\u00ed paprika jako paprika aneb Co nev\u00edme o \u010desk\u00e9m substandardu (1. ro\u010dn\u00edky)<\/li><li>Principy v\u00fdvoje modern\u00ed poezie  (maturanti)<\/li><li>Myslet sociologicky, vid\u011bt sociologicky \u2013 (sociologick\u00fd semin\u00e1\u0159)<\/li><li>Fake news a dezinformace (medi\u00e1ln\u00ed semin\u00e1\u0159)<\/li><li>Zem\u011bpisn\u00e1 jm\u00e9na (1. ro\u010dn\u00edky)<\/li><li>Jak napsat odborn\u00fd text (3. ro\u010dn\u00edk)<\/li><li>Dostojevskij a probl\u00e9m sv\u011bdom\u00ed (3. ro\u010dn\u00edk, maturanti)<\/li><li>Rozd\u011blen\u00e1 Amerika  (sv\u011bt v souvislostech)<\/li><li>Kalifornie a budoucnost z\u00e1padn\u00ed civilizace &#8211; (sv\u011bt v souvislostech) <strong><em>p\u0159edn\u00e1\u0161ka v angli\u010dtin\u011b<\/em><\/strong><\/li><li>Hern\u00edm v\u00fdvoj\u00e1\u0159em na zkou\u0161ku\u00a0(1. ro\u010dn\u00edk MMIT)<\/li><li>Sleduj a le\u0165\u00a0(1. ro\u010dn\u00edk MMIT)<\/li><\/ul>\n","protected":false},"excerpt":{"rendered":"<p>Letos se na\u0161i gymnazist\u00e9 mohou mimo jin\u00e9 t\u011b\u0161it na tato t\u00e9mata:\u00a0 Jak vl\u00e1dli \u010deskosloven\u0161t\u00ed stalinist\u00e9? Vy\u0161et\u0159ov\u00e1n\u00ed p\u0159\u00edpadu siln\u00e9 \u010dty\u0159ky (d\u011bjepisn\u00fd semin\u00e1\u0159) Mor, smrt a um\u00edr\u00e1n\u00ed v um\u011bn\u00ed pozdn\u00edho st\u0159edov\u011bku (2. ro\u010dn\u00edky) Machiavelliho \u201eamor\u00e1ln\u00ed\u201c politika \u2013(2. ro\u010dn\u00edky a maturanti) NIETZSCHE A NAD\u010cLOV\u011aK (maturanti)\u00a0 S\u00d3KRATES A PLAT\u00d3N (maturanti) Kram\u00e1\u0159sk\u00e9 p\u00edsn\u011b jako sou\u010d\u00e1st popul\u00e1rn\u00ed kultury ran\u00e9ho novov\u011bku (2. [&hellip;]<\/p>\n","protected":false},"author":3,"featured_media":3755,"comment_status":"closed","ping_status":"closed","sticky":false,"template":"","format":"standard","meta":{"footnotes":""},"categories":[1],"tags":[],"class_list":["post-3754","post","type-post","status-publish","format-standard","has-post-thumbnail","hentry","category-novinky-z-gymplu"],"yoast_head":"<!-- This site is optimized with the Yoast SEO plugin v24.8.1 - https:\/\/yoast.com\/wordpress\/plugins\/seo\/ -->\n<title>Odborn\u00edci ve v\u00fduce | Gymn\u00e1zium HELLO<\/title>\n<meta name=\"robots\" content=\"index, follow, max-snippet:-1, max-image-preview:large, max-video-preview:-1\" \/>\n<link rel=\"canonical\" href=\"https:\/\/www.helloskola.cz\/gymnazium\/odbornici-ve-vyuce\/\" \/>\n<meta property=\"og:locale\" content=\"cs_CZ\" \/>\n<meta property=\"og:type\" content=\"article\" \/>\n<meta property=\"og:title\" content=\"Odborn\u00edci ve v\u00fduce | Gymn\u00e1zium HELLO\" \/>\n<meta property=\"og:description\" content=\"Letos se na\u0161i gymnazist\u00e9 mohou mimo jin\u00e9 t\u011b\u0161it na tato t\u00e9mata:\u00a0 Jak vl\u00e1dli \u010deskosloven\u0161t\u00ed stalinist\u00e9? Vy\u0161et\u0159ov\u00e1n\u00ed p\u0159\u00edpadu siln\u00e9 \u010dty\u0159ky (d\u011bjepisn\u00fd semin\u00e1\u0159) Mor, smrt a um\u00edr\u00e1n\u00ed v um\u011bn\u00ed pozdn\u00edho st\u0159edov\u011bku (2. ro\u010dn\u00edky) Machiavelliho \u201eamor\u00e1ln\u00ed\u201c politika \u2013(2. ro\u010dn\u00edky a maturanti) NIETZSCHE A NAD\u010cLOV\u011aK (maturanti)\u00a0 S\u00d3KRATES A PLAT\u00d3N (maturanti) Kram\u00e1\u0159sk\u00e9 p\u00edsn\u011b jako sou\u010d\u00e1st popul\u00e1rn\u00ed kultury ran\u00e9ho novov\u011bku (2. [&hellip;]\" \/>\n<meta property=\"og:url\" content=\"https:\/\/www.helloskola.cz\/gymnazium\/odbornici-ve-vyuce\/\" \/>\n<meta property=\"og:site_name\" content=\"Gymn\u00e1zium HELLO\" \/>\n<meta property=\"article:published_time\" content=\"2022-09-22T16:47:05+00:00\" \/>\n<meta property=\"article:modified_time\" content=\"2022-09-30T18:06:32+00:00\" \/>\n<meta property=\"og:image\" content=\"https:\/\/www.helloskola.cz\/gymnazium\/wp-content\/uploads\/sites\/3\/2022\/09\/FA0AAF8D-AD51-4ADE-8402-3F5719A6DDE3-scaled.jpeg\" \/>\n\t<meta property=\"og:image:width\" content=\"1920\" \/>\n\t<meta property=\"og:image:height\" content=\"2560\" \/>\n\t<meta property=\"og:image:type\" content=\"image\/jpeg\" \/>\n<meta name=\"author\" content=\"Gabriela Jur\u00e1nkov\u00e1\" \/>\n<meta name=\"twitter:card\" content=\"summary_large_image\" \/>\n<meta name=\"twitter:label1\" content=\"Napsal(a)\" \/>\n\t<meta name=\"twitter:data1\" content=\"Gabriela Jur\u00e1nkov\u00e1\" \/>\n\t<meta name=\"twitter:label2\" content=\"Odhadovan\u00e1 doba \u010dten\u00ed\" \/>\n\t<meta name=\"twitter:data2\" content=\"1 minuta\" \/>\n<script type=\"application\/ld+json\" class=\"yoast-schema-graph\">{\"@context\":\"https:\/\/schema.org\",\"@graph\":[{\"@type\":\"Article\",\"@id\":\"https:\/\/www.helloskola.cz\/gymnazium\/odbornici-ve-vyuce\/#article\",\"isPartOf\":{\"@id\":\"https:\/\/www.helloskola.cz\/gymnazium\/odbornici-ve-vyuce\/\"},\"author\":{\"name\":\"Gabriela Jur\u00e1nkov\u00e1\",\"@id\":\"https:\/\/www.helloskola.cz\/gymnazium\/#\/schema\/person\/f71410e4131a4365c37c2f22d338418c\"},\"headline\":\"Odborn\u00edci ve v\u00fduce\",\"datePublished\":\"2022-09-22T16:47:05+00:00\",\"dateModified\":\"2022-09-30T18:06:32+00:00\",\"mainEntityOfPage\":{\"@id\":\"https:\/\/www.helloskola.cz\/gymnazium\/odbornici-ve-vyuce\/\"},\"wordCount\":194,\"publisher\":{\"@id\":\"https:\/\/www.helloskola.cz\/gymnazium\/#organization\"},\"image\":{\"@id\":\"https:\/\/www.helloskola.cz\/gymnazium\/odbornici-ve-vyuce\/#primaryimage\"},\"thumbnailUrl\":\"https:\/\/www.helloskola.cz\/gymnazium\/wp-content\/uploads\/sites\/3\/2022\/09\/FA0AAF8D-AD51-4ADE-8402-3F5719A6DDE3-scaled.jpeg\",\"articleSection\":[\"Novinky z gymplu\"],\"inLanguage\":\"cs\"},{\"@type\":\"WebPage\",\"@id\":\"https:\/\/www.helloskola.cz\/gymnazium\/odbornici-ve-vyuce\/\",\"url\":\"https:\/\/www.helloskola.cz\/gymnazium\/odbornici-ve-vyuce\/\",\"name\":\"Odborn\u00edci ve v\u00fduce | Gymn\u00e1zium HELLO\",\"isPartOf\":{\"@id\":\"https:\/\/www.helloskola.cz\/gymnazium\/#website\"},\"primaryImageOfPage\":{\"@id\":\"https:\/\/www.helloskola.cz\/gymnazium\/odbornici-ve-vyuce\/#primaryimage\"},\"image\":{\"@id\":\"https:\/\/www.helloskola.cz\/gymnazium\/odbornici-ve-vyuce\/#primaryimage\"},\"thumbnailUrl\":\"https:\/\/www.helloskola.cz\/gymnazium\/wp-content\/uploads\/sites\/3\/2022\/09\/FA0AAF8D-AD51-4ADE-8402-3F5719A6DDE3-scaled.jpeg\",\"datePublished\":\"2022-09-22T16:47:05+00:00\",\"dateModified\":\"2022-09-30T18:06:32+00:00\",\"breadcrumb\":{\"@id\":\"https:\/\/www.helloskola.cz\/gymnazium\/odbornici-ve-vyuce\/#breadcrumb\"},\"inLanguage\":\"cs\",\"potentialAction\":[{\"@type\":\"ReadAction\",\"target\":[\"https:\/\/www.helloskola.cz\/gymnazium\/odbornici-ve-vyuce\/\"]}]},{\"@type\":\"ImageObject\",\"inLanguage\":\"cs\",\"@id\":\"https:\/\/www.helloskola.cz\/gymnazium\/odbornici-ve-vyuce\/#primaryimage\",\"url\":\"https:\/\/www.helloskola.cz\/gymnazium\/wp-content\/uploads\/sites\/3\/2022\/09\/FA0AAF8D-AD51-4ADE-8402-3F5719A6DDE3-scaled.jpeg\",\"contentUrl\":\"https:\/\/www.helloskola.cz\/gymnazium\/wp-content\/uploads\/sites\/3\/2022\/09\/FA0AAF8D-AD51-4ADE-8402-3F5719A6DDE3-scaled.jpeg\",\"width\":1920,\"height\":2560},{\"@type\":\"BreadcrumbList\",\"@id\":\"https:\/\/www.helloskola.cz\/gymnazium\/odbornici-ve-vyuce\/#breadcrumb\",\"itemListElement\":[{\"@type\":\"ListItem\",\"position\":1,\"name\":\"\u00davod\",\"item\":\"https:\/\/www.helloskola.cz\/gymnazium\/\"},{\"@type\":\"ListItem\",\"position\":2,\"name\":\"Novinky z gymplu\",\"item\":\"https:\/\/www.helloskola.cz\/gymnazium\/k\/novinky-z-gymplu\/\"},{\"@type\":\"ListItem\",\"position\":3,\"name\":\"Odborn\u00edci ve v\u00fduce\"}]},{\"@type\":\"WebSite\",\"@id\":\"https:\/\/www.helloskola.cz\/gymnazium\/#website\",\"url\":\"https:\/\/www.helloskola.cz\/gymnazium\/\",\"name\":\"Gymn\u00e1zium HELLO\",\"description\":\"St\u0159edn\u00ed \u0161kola s pos\u00edlenou v\u00fdukou ciz\u00edch jazyk\u016f\",\"publisher\":{\"@id\":\"https:\/\/www.helloskola.cz\/gymnazium\/#organization\"},\"potentialAction\":[{\"@type\":\"SearchAction\",\"target\":{\"@type\":\"EntryPoint\",\"urlTemplate\":\"https:\/\/www.helloskola.cz\/gymnazium\/?s={search_term_string}\"},\"query-input\":{\"@type\":\"PropertyValueSpecification\",\"valueRequired\":true,\"valueName\":\"search_term_string\"}}],\"inLanguage\":\"cs\"},{\"@type\":\"Organization\",\"@id\":\"https:\/\/www.helloskola.cz\/gymnazium\/#organization\",\"name\":\"Gymn\u00e1zium Hello\",\"url\":\"https:\/\/www.helloskola.cz\/gymnazium\/\",\"logo\":{\"@type\":\"ImageObject\",\"inLanguage\":\"cs\",\"@id\":\"https:\/\/www.helloskola.cz\/gymnazium\/#\/schema\/logo\/image\/\",\"url\":\"https:\/\/www.helloskola.cz\/gymnazium\/wp-content\/uploads\/sites\/3\/2022\/02\/hello_gy_cmyk-1.svg\",\"contentUrl\":\"https:\/\/www.helloskola.cz\/gymnazium\/wp-content\/uploads\/sites\/3\/2022\/02\/hello_gy_cmyk-1.svg\",\"width\":100,\"height\":100,\"caption\":\"Gymn\u00e1zium Hello\"},\"image\":{\"@id\":\"https:\/\/www.helloskola.cz\/gymnazium\/#\/schema\/logo\/image\/\"}},{\"@type\":\"Person\",\"@id\":\"https:\/\/www.helloskola.cz\/gymnazium\/#\/schema\/person\/f71410e4131a4365c37c2f22d338418c\",\"name\":\"Gabriela Jur\u00e1nkov\u00e1\",\"image\":{\"@type\":\"ImageObject\",\"inLanguage\":\"cs\",\"@id\":\"https:\/\/www.helloskola.cz\/gymnazium\/#\/schema\/person\/image\/\",\"url\":\"https:\/\/secure.gravatar.com\/avatar\/f707afe5cf46268eed5a9db63f84942e656741919f5435221d7d94bb9f546b5d?s=96&d=mm&r=g\",\"contentUrl\":\"https:\/\/secure.gravatar.com\/avatar\/f707afe5cf46268eed5a9db63f84942e656741919f5435221d7d94bb9f546b5d?s=96&d=mm&r=g\",\"caption\":\"Gabriela Jur\u00e1nkov\u00e1\"}}]}<\/script>\n<!-- \/ Yoast SEO plugin. -->","yoast_head_json":{"title":"Odborn\u00edci ve v\u00fduce | Gymn\u00e1zium HELLO","robots":{"index":"index","follow":"follow","max-snippet":"max-snippet:-1","max-image-preview":"max-image-preview:large","max-video-preview":"max-video-preview:-1"},"canonical":"https:\/\/www.helloskola.cz\/gymnazium\/odbornici-ve-vyuce\/","og_locale":"cs_CZ","og_type":"article","og_title":"Odborn\u00edci ve v\u00fduce | Gymn\u00e1zium HELLO","og_description":"Letos se na\u0161i gymnazist\u00e9 mohou mimo jin\u00e9 t\u011b\u0161it na tato t\u00e9mata:\u00a0 Jak vl\u00e1dli \u010deskosloven\u0161t\u00ed stalinist\u00e9? Vy\u0161et\u0159ov\u00e1n\u00ed p\u0159\u00edpadu siln\u00e9 \u010dty\u0159ky (d\u011bjepisn\u00fd semin\u00e1\u0159) Mor, smrt a um\u00edr\u00e1n\u00ed v um\u011bn\u00ed pozdn\u00edho st\u0159edov\u011bku (2. ro\u010dn\u00edky) Machiavelliho \u201eamor\u00e1ln\u00ed\u201c politika \u2013(2. ro\u010dn\u00edky a maturanti) NIETZSCHE A NAD\u010cLOV\u011aK (maturanti)\u00a0 S\u00d3KRATES A PLAT\u00d3N (maturanti) Kram\u00e1\u0159sk\u00e9 p\u00edsn\u011b jako sou\u010d\u00e1st popul\u00e1rn\u00ed kultury ran\u00e9ho novov\u011bku (2. [&hellip;]","og_url":"https:\/\/www.helloskola.cz\/gymnazium\/odbornici-ve-vyuce\/","og_site_name":"Gymn\u00e1zium HELLO","article_published_time":"2022-09-22T16:47:05+00:00","article_modified_time":"2022-09-30T18:06:32+00:00","og_image":[{"width":1920,"height":2560,"url":"https:\/\/www.helloskola.cz\/gymnazium\/wp-content\/uploads\/sites\/3\/2022\/09\/FA0AAF8D-AD51-4ADE-8402-3F5719A6DDE3-scaled.jpeg","type":"image\/jpeg"}],"author":"Gabriela Jur\u00e1nkov\u00e1","twitter_card":"summary_large_image","twitter_misc":{"Napsal(a)":"Gabriela Jur\u00e1nkov\u00e1","Odhadovan\u00e1 doba \u010dten\u00ed":"1 minuta"},"schema":{"@context":"https:\/\/schema.org","@graph":[{"@type":"Article","@id":"https:\/\/www.helloskola.cz\/gymnazium\/odbornici-ve-vyuce\/#article","isPartOf":{"@id":"https:\/\/www.helloskola.cz\/gymnazium\/odbornici-ve-vyuce\/"},"author":{"name":"Gabriela Jur\u00e1nkov\u00e1","@id":"https:\/\/www.helloskola.cz\/gymnazium\/#\/schema\/person\/f71410e4131a4365c37c2f22d338418c"},"headline":"Odborn\u00edci ve v\u00fduce","datePublished":"2022-09-22T16:47:05+00:00","dateModified":"2022-09-30T18:06:32+00:00","mainEntityOfPage":{"@id":"https:\/\/www.helloskola.cz\/gymnazium\/odbornici-ve-vyuce\/"},"wordCount":194,"publisher":{"@id":"https:\/\/www.helloskola.cz\/gymnazium\/#organization"},"image":{"@id":"https:\/\/www.helloskola.cz\/gymnazium\/odbornici-ve-vyuce\/#primaryimage"},"thumbnailUrl":"https:\/\/www.helloskola.cz\/gymnazium\/wp-content\/uploads\/sites\/3\/2022\/09\/FA0AAF8D-AD51-4ADE-8402-3F5719A6DDE3-scaled.jpeg","articleSection":["Novinky z gymplu"],"inLanguage":"cs"},{"@type":"WebPage","@id":"https:\/\/www.helloskola.cz\/gymnazium\/odbornici-ve-vyuce\/","url":"https:\/\/www.helloskola.cz\/gymnazium\/odbornici-ve-vyuce\/","name":"Odborn\u00edci ve v\u00fduce | Gymn\u00e1zium HELLO","isPartOf":{"@id":"https:\/\/www.helloskola.cz\/gymnazium\/#website"},"primaryImageOfPage":{"@id":"https:\/\/www.helloskola.cz\/gymnazium\/odbornici-ve-vyuce\/#primaryimage"},"image":{"@id":"https:\/\/www.helloskola.cz\/gymnazium\/odbornici-ve-vyuce\/#primaryimage"},"thumbnailUrl":"https:\/\/www.helloskola.cz\/gymnazium\/wp-content\/uploads\/sites\/3\/2022\/09\/FA0AAF8D-AD51-4ADE-8402-3F5719A6DDE3-scaled.jpeg","datePublished":"2022-09-22T16:47:05+00:00","dateModified":"2022-09-30T18:06:32+00:00","breadcrumb":{"@id":"https:\/\/www.helloskola.cz\/gymnazium\/odbornici-ve-vyuce\/#breadcrumb"},"inLanguage":"cs","potentialAction":[{"@type":"ReadAction","target":["https:\/\/www.helloskola.cz\/gymnazium\/odbornici-ve-vyuce\/"]}]},{"@type":"ImageObject","inLanguage":"cs","@id":"https:\/\/www.helloskola.cz\/gymnazium\/odbornici-ve-vyuce\/#primaryimage","url":"https:\/\/www.helloskola.cz\/gymnazium\/wp-content\/uploads\/sites\/3\/2022\/09\/FA0AAF8D-AD51-4ADE-8402-3F5719A6DDE3-scaled.jpeg","contentUrl":"https:\/\/www.helloskola.cz\/gymnazium\/wp-content\/uploads\/sites\/3\/2022\/09\/FA0AAF8D-AD51-4ADE-8402-3F5719A6DDE3-scaled.jpeg","width":1920,"height":2560},{"@type":"BreadcrumbList","@id":"https:\/\/www.helloskola.cz\/gymnazium\/odbornici-ve-vyuce\/#breadcrumb","itemListElement":[{"@type":"ListItem","position":1,"name":"\u00davod","item":"https:\/\/www.helloskola.cz\/gymnazium\/"},{"@type":"ListItem","position":2,"name":"Novinky z gymplu","item":"https:\/\/www.helloskola.cz\/gymnazium\/k\/novinky-z-gymplu\/"},{"@type":"ListItem","position":3,"name":"Odborn\u00edci ve v\u00fduce"}]},{"@type":"WebSite","@id":"https:\/\/www.helloskola.cz\/gymnazium\/#website","url":"https:\/\/www.helloskola.cz\/gymnazium\/","name":"Gymn\u00e1zium HELLO","description":"St\u0159edn\u00ed \u0161kola s pos\u00edlenou v\u00fdukou ciz\u00edch jazyk\u016f","publisher":{"@id":"https:\/\/www.helloskola.cz\/gymnazium\/#organization"},"potentialAction":[{"@type":"SearchAction","target":{"@type":"EntryPoint","urlTemplate":"https:\/\/www.helloskola.cz\/gymnazium\/?s={search_term_string}"},"query-input":{"@type":"PropertyValueSpecification","valueRequired":true,"valueName":"search_term_string"}}],"inLanguage":"cs"},{"@type":"Organization","@id":"https:\/\/www.helloskola.cz\/gymnazium\/#organization","name":"Gymn\u00e1zium Hello","url":"https:\/\/www.helloskola.cz\/gymnazium\/","logo":{"@type":"ImageObject","inLanguage":"cs","@id":"https:\/\/www.helloskola.cz\/gymnazium\/#\/schema\/logo\/image\/","url":"https:\/\/www.helloskola.cz\/gymnazium\/wp-content\/uploads\/sites\/3\/2022\/02\/hello_gy_cmyk-1.svg","contentUrl":"https:\/\/www.helloskola.cz\/gymnazium\/wp-content\/uploads\/sites\/3\/2022\/02\/hello_gy_cmyk-1.svg","width":100,"height":100,"caption":"Gymn\u00e1zium Hello"},"image":{"@id":"https:\/\/www.helloskola.cz\/gymnazium\/#\/schema\/logo\/image\/"}},{"@type":"Person","@id":"https:\/\/www.helloskola.cz\/gymnazium\/#\/schema\/person\/f71410e4131a4365c37c2f22d338418c","name":"Gabriela Jur\u00e1nkov\u00e1","image":{"@type":"ImageObject","inLanguage":"cs","@id":"https:\/\/www.helloskola.cz\/gymnazium\/#\/schema\/person\/image\/","url":"https:\/\/secure.gravatar.com\/avatar\/f707afe5cf46268eed5a9db63f84942e656741919f5435221d7d94bb9f546b5d?s=96&d=mm&r=g","contentUrl":"https:\/\/secure.gravatar.com\/avatar\/f707afe5cf46268eed5a9db63f84942e656741919f5435221d7d94bb9f546b5d?s=96&d=mm&r=g","caption":"Gabriela Jur\u00e1nkov\u00e1"}}]}},"_links":{"self":[{"href":"https:\/\/www.helloskola.cz\/gymnazium\/wp-json\/wp\/v2\/posts\/3754","targetHints":{"allow":["GET"]}}],"collection":[{"href":"https:\/\/www.helloskola.cz\/gymnazium\/wp-json\/wp\/v2\/posts"}],"about":[{"href":"https:\/\/www.helloskola.cz\/gymnazium\/wp-json\/wp\/v2\/types\/post"}],"author":[{"embeddable":true,"href":"https:\/\/www.helloskola.cz\/gymnazium\/wp-json\/wp\/v2\/users\/3"}],"replies":[{"embeddable":true,"href":"https:\/\/www.helloskola.cz\/gymnazium\/wp-json\/wp\/v2\/comments?post=3754"}],"version-history":[{"count":2,"href":"https:\/\/www.helloskola.cz\/gymnazium\/wp-json\/wp\/v2\/posts\/3754\/revisions"}],"predecessor-version":[{"id":3757,"href":"https:\/\/www.helloskola.cz\/gymnazium\/wp-json\/wp\/v2\/posts\/3754\/revisions\/3757"}],"wp:featuredmedia":[{"embeddable":true,"href":"https:\/\/www.helloskola.cz\/gymnazium\/wp-json\/wp\/v2\/media\/3755"}],"wp:attachment":[{"href":"https:\/\/www.helloskola.cz\/gymnazium\/wp-json\/wp\/v2\/media?parent=3754"}],"wp:term":[{"taxonomy":"category","embeddable":true,"href":"https:\/\/www.helloskola.cz\/gymnazium\/wp-json\/wp\/v2\/categories?post=3754"},{"taxonomy":"post_tag","embeddable":true,"href":"https:\/\/www.helloskola.cz\/gymnazium\/wp-json\/wp\/v2\/tags?post=3754"}],"curies":[{"name":"wp","href":"https:\/\/api.w.org\/{rel}","templated":true}]}}