{"id":2384,"date":"2022-06-29T10:48:56","date_gmt":"2022-06-29T08:48:56","guid":{"rendered":"https:\/\/www.helloskola.cz\/gymnazium\/?p=2384"},"modified":"2022-09-10T15:53:43","modified_gmt":"2022-09-10T13:53:43","slug":"dalsi-dobry-debatni-rok","status":"publish","type":"post","link":"https:\/\/www.helloskola.cz\/gymnazium\/dalsi-dobry-debatni-rok\/","title":{"rendered":"Rozj\u00ed\u017ed\u00edme nov\u00fd debatn\u00ed rok 2022\/2023"},"content":{"rendered":"\n<p>Takhle vypadal \u00fasp\u011b\u0161n\u00fd n\u00e1bor nov\u00fdch debat\u00e9r\u016f:<\/p>\n\n\n\n<figure class=\"wp-block-embed is-type-video is-provider-youtube wp-block-embed-youtube wp-embed-aspect-16-9 wp-has-aspect-ratio\"><div class=\"wp-block-embed__wrapper\">\n<iframe title=\"Uk\u00e1zkov\u00e1 debata_sest\u0159ih\" width=\"800\" height=\"450\" src=\"https:\/\/www.youtube.com\/embed\/aL-ZemcdlvQ?start=6&#038;feature=oembed\" frameborder=\"0\" allow=\"accelerometer; autoplay; clipboard-write; encrypted-media; gyroscope; picture-in-picture\" allowfullscreen><\/iframe>\n<\/div><\/figure>\n\n\n\n<p><\/p>\n\n\n\n<h2 class=\"wp-block-heading\">Dal\u0161\u00ed dobr\u00fd debatn\u00ed rok 2021\/2022<\/h2>\n\n\n\n<p>V&nbsp;klidn\u00fdch z\u00e1\u0159ijov\u00fdch vod\u00e1ch \u0161koly Hello jsme naverbovali mohutnou, av\u0161ak nezku\u0161enou pos\u00e1dku \u010d\u00edtaj\u00edc\u00ed 15 el\u00e9v\u016f. Pod veden\u00edm t\u0159ech zku\u0161en\u00fdch mo\u0159sk\u00fdch vlk\u016f jsme se odrazili od klidn\u00fdch b\u0159eh\u016f Hello a vydali se na dobrodru\u017enou a nev\u0161edn\u00ed plavbu, av\u0161ak za\u010d\u00e1tky nebyly jednoduch\u00e9. Rozbou\u0159en\u00e9 mo\u0159e vyvol\u00e1valo silnou mo\u0159skou nemoc u v\u011bt\u0161iny pos\u00e1dky a prudk\u00fd v\u00edtr bi\u010doval na\u0161i lo\u010f tak intenzivn\u011b, \u017ee n\u00e1m zp\u016fsobil prvn\u00ed ztr\u00e1ty. V pr\u016fb\u011bhu se n\u00e1m zten\u010dila pos\u00e1dka na pouh\u00fdch 10 n\u00e1mo\u0159n\u00edk\u016f, je\u017e zvl\u00e1dli p\u0159e\u017e\u00edt svou prvn\u00ed cestu. \u010c\u00edm \u010dast\u011bji jsme opou\u0161t\u011bli domovsk\u00fd p\u0159\u00edstav, t\u00edm zdatn\u011bj\u0161\u00ed na\u0161e pos\u00e1dka byla. Mo\u0159sk\u00e1 nemoc vymizela, jejich \u010depele byly ost\u0159ej\u0161\u00ed a mnohem smrteln\u011bj\u0161\u00ed pro ve\u0161ker\u00e9 nep\u0159\u00e1tele, kte\u0159\u00ed se s&nbsp;n\u00e1mi odv\u00e1\u017eili utkat v&nbsp;boji. T\u0159i mo\u0159\u0161t\u00ed vlci tak rozhodli, \u017ee nastal \u010das abychom posunuli hranice na\u0161\u00ed pos\u00e1dky d\u00e1le, a tak jsme vypluli vst\u0159\u00edc mezin\u00e1rodn\u00edm vod\u00e1m. Oce\u00e1n byl krut\u00fd, chladn\u00fd a nevypo\u010d\u00edtav\u00fd, taktika na\u0161ich nep\u0159\u00e1tel byla sofistikovan\u011bj\u0161\u00ed a jejich po\u010dty mnohon\u00e1sobn\u011b v\u011bt\u0161\u00ed. Z&nbsp;prvotn\u00edch ne\u00fasp\u011bch\u016f jsme se v\u0161ak rychle ot\u0159epali a s&nbsp;nov\u00fdmi zku\u0161enostmi vyrazili zp\u011bt do boje. S&nbsp;notnou d\u00e1vkou \u0161t\u011bst\u00ed odvahy a nov\u011b nabit\u00fdmi znalostmi jsme bojovali udatn\u011b a\u017e do posledn\u00edho v\u00fdst\u0159elu a spoustu nep\u0159\u00e1tel jsme uvrhli do temn\u00fdch hlubin oce\u00e1nu. Spole\u010dn\u00e9 \u00fasil\u00ed p\u0159ineslo k\u00fd\u017een\u00fd v\u00fdsledek, i p\u0159esto\u017ee pos\u00e1dka utrp\u011bla nem\u00e1lo por\u00e1\u017eek, t\u0159i mo\u0159\u0161t\u00ed vlci se probojovali a\u017e k&nbsp;pokladu a spole\u010dn\u011b pozvedli svat\u00fd gr\u00e1l. Ze zelen\u00e1\u010d\u016f se po 9 plavb\u00e1ch stali hrd\u00ed nositel\u00e9 bronzov\u00fdch odzn\u00e1\u010dk\u016f, kte\u0159\u00ed u\u017e se jen tak n\u011b\u010deho nezaleknou. Av\u0161ak nepolevujeme, pokra\u010dujeme d\u00e1le v&nbsp;zdokonalov\u00e1n\u00ed debatn\u00edho \u0159emesla, a hlavn\u011b u\u017e na podzim op\u011bt zakotv\u00edme na Hello abychom roz\u0161\u00ed\u0159ili na\u0161e \u0159ady!<\/p>\n\n\n\n<p>Debatn\u00ed tren\u00e9\u0159i<\/p>\n\n\n\n<p>Jakub Hlav\u00e1\u010dek, Jan Hlav\u00e1\u010dek a V\u00e1clav Kubo\u0148<\/p>\n","protected":false},"excerpt":{"rendered":"<p>Takhle vypadal \u00fasp\u011b\u0161n\u00fd n\u00e1bor nov\u00fdch debat\u00e9r\u016f: Dal\u0161\u00ed dobr\u00fd debatn\u00ed rok 2021\/2022 V&nbsp;klidn\u00fdch z\u00e1\u0159ijov\u00fdch vod\u00e1ch \u0161koly Hello jsme naverbovali mohutnou, av\u0161ak nezku\u0161enou pos\u00e1dku \u010d\u00edtaj\u00edc\u00ed 15 el\u00e9v\u016f. Pod veden\u00edm t\u0159ech zku\u0161en\u00fdch mo\u0159sk\u00fdch vlk\u016f jsme se odrazili od klidn\u00fdch b\u0159eh\u016f Hello a vydali se na dobrodru\u017enou a nev\u0161edn\u00ed plavbu, av\u0161ak za\u010d\u00e1tky nebyly jednoduch\u00e9. Rozbou\u0159en\u00e9 mo\u0159e vyvol\u00e1valo silnou mo\u0159skou [&hellip;]<\/p>\n","protected":false},"author":3,"featured_media":2017,"comment_status":"closed","ping_status":"closed","sticky":false,"template":"","format":"standard","meta":{"footnotes":""},"categories":[1],"tags":[],"class_list":["post-2384","post","type-post","status-publish","format-standard","has-post-thumbnail","hentry","category-novinky-z-gymplu"],"yoast_head":"<!-- This site is optimized with the Yoast SEO plugin v24.8.1 - https:\/\/yoast.com\/wordpress\/plugins\/seo\/ -->\n<title>Rozj\u00ed\u017ed\u00edme nov\u00fd debatn\u00ed rok 2022\/2023 | Gymn\u00e1zium HELLO<\/title>\n<meta name=\"robots\" content=\"index, follow, max-snippet:-1, max-image-preview:large, max-video-preview:-1\" \/>\n<link rel=\"canonical\" href=\"https:\/\/www.helloskola.cz\/gymnazium\/dalsi-dobry-debatni-rok\/\" \/>\n<meta property=\"og:locale\" content=\"cs_CZ\" \/>\n<meta property=\"og:type\" content=\"article\" \/>\n<meta property=\"og:title\" content=\"Rozj\u00ed\u017ed\u00edme nov\u00fd debatn\u00ed rok 2022\/2023 | Gymn\u00e1zium HELLO\" \/>\n<meta property=\"og:description\" content=\"Takhle vypadal \u00fasp\u011b\u0161n\u00fd n\u00e1bor nov\u00fdch debat\u00e9r\u016f: Dal\u0161\u00ed dobr\u00fd debatn\u00ed rok 2021\/2022 V&nbsp;klidn\u00fdch z\u00e1\u0159ijov\u00fdch vod\u00e1ch \u0161koly Hello jsme naverbovali mohutnou, av\u0161ak nezku\u0161enou pos\u00e1dku \u010d\u00edtaj\u00edc\u00ed 15 el\u00e9v\u016f. Pod veden\u00edm t\u0159ech zku\u0161en\u00fdch mo\u0159sk\u00fdch vlk\u016f jsme se odrazili od klidn\u00fdch b\u0159eh\u016f Hello a vydali se na dobrodru\u017enou a nev\u0161edn\u00ed plavbu, av\u0161ak za\u010d\u00e1tky nebyly jednoduch\u00e9. Rozbou\u0159en\u00e9 mo\u0159e vyvol\u00e1valo silnou mo\u0159skou [&hellip;]\" \/>\n<meta property=\"og:url\" content=\"https:\/\/www.helloskola.cz\/gymnazium\/dalsi-dobry-debatni-rok\/\" \/>\n<meta property=\"og:site_name\" content=\"Gymn\u00e1zium HELLO\" \/>\n<meta property=\"article:published_time\" content=\"2022-06-29T08:48:56+00:00\" \/>\n<meta property=\"article:modified_time\" content=\"2022-09-10T13:53:43+00:00\" \/>\n<meta property=\"og:image\" content=\"https:\/\/www.helloskola.cz\/gymnazium\/wp-content\/uploads\/sites\/3\/2022\/05\/131972930_3777189952333766_5401407991545139468_o.jpg\" \/>\n\t<meta property=\"og:image:width\" content=\"1280\" \/>\n\t<meta property=\"og:image:height\" content=\"960\" \/>\n\t<meta property=\"og:image:type\" content=\"image\/jpeg\" \/>\n<meta name=\"author\" content=\"Gabriela Jur\u00e1nkov\u00e1\" \/>\n<meta name=\"twitter:card\" content=\"summary_large_image\" \/>\n<meta name=\"twitter:label1\" content=\"Napsal(a)\" \/>\n\t<meta name=\"twitter:data1\" content=\"Gabriela Jur\u00e1nkov\u00e1\" \/>\n\t<meta name=\"twitter:label2\" content=\"Odhadovan\u00e1 doba \u010dten\u00ed\" \/>\n\t<meta name=\"twitter:data2\" content=\"2 minuty\" \/>\n<script type=\"application\/ld+json\" class=\"yoast-schema-graph\">{\"@context\":\"https:\/\/schema.org\",\"@graph\":[{\"@type\":\"Article\",\"@id\":\"https:\/\/www.helloskola.cz\/gymnazium\/dalsi-dobry-debatni-rok\/#article\",\"isPartOf\":{\"@id\":\"https:\/\/www.helloskola.cz\/gymnazium\/dalsi-dobry-debatni-rok\/\"},\"author\":{\"name\":\"Gabriela Jur\u00e1nkov\u00e1\",\"@id\":\"https:\/\/www.helloskola.cz\/gymnazium\/#\/schema\/person\/f71410e4131a4365c37c2f22d338418c\"},\"headline\":\"Rozj\u00ed\u017ed\u00edme nov\u00fd debatn\u00ed rok 2022\/2023\",\"datePublished\":\"2022-06-29T08:48:56+00:00\",\"dateModified\":\"2022-09-10T13:53:43+00:00\",\"mainEntityOfPage\":{\"@id\":\"https:\/\/www.helloskola.cz\/gymnazium\/dalsi-dobry-debatni-rok\/\"},\"wordCount\":420,\"publisher\":{\"@id\":\"https:\/\/www.helloskola.cz\/gymnazium\/#organization\"},\"image\":{\"@id\":\"https:\/\/www.helloskola.cz\/gymnazium\/dalsi-dobry-debatni-rok\/#primaryimage\"},\"thumbnailUrl\":\"https:\/\/www.helloskola.cz\/gymnazium\/wp-content\/uploads\/sites\/3\/2022\/05\/131972930_3777189952333766_5401407991545139468_o.jpg\",\"articleSection\":[\"Novinky z gymplu\"],\"inLanguage\":\"cs\"},{\"@type\":\"WebPage\",\"@id\":\"https:\/\/www.helloskola.cz\/gymnazium\/dalsi-dobry-debatni-rok\/\",\"url\":\"https:\/\/www.helloskola.cz\/gymnazium\/dalsi-dobry-debatni-rok\/\",\"name\":\"Rozj\u00ed\u017ed\u00edme nov\u00fd debatn\u00ed rok 2022\/2023 | Gymn\u00e1zium HELLO\",\"isPartOf\":{\"@id\":\"https:\/\/www.helloskola.cz\/gymnazium\/#website\"},\"primaryImageOfPage\":{\"@id\":\"https:\/\/www.helloskola.cz\/gymnazium\/dalsi-dobry-debatni-rok\/#primaryimage\"},\"image\":{\"@id\":\"https:\/\/www.helloskola.cz\/gymnazium\/dalsi-dobry-debatni-rok\/#primaryimage\"},\"thumbnailUrl\":\"https:\/\/www.helloskola.cz\/gymnazium\/wp-content\/uploads\/sites\/3\/2022\/05\/131972930_3777189952333766_5401407991545139468_o.jpg\",\"datePublished\":\"2022-06-29T08:48:56+00:00\",\"dateModified\":\"2022-09-10T13:53:43+00:00\",\"breadcrumb\":{\"@id\":\"https:\/\/www.helloskola.cz\/gymnazium\/dalsi-dobry-debatni-rok\/#breadcrumb\"},\"inLanguage\":\"cs\",\"potentialAction\":[{\"@type\":\"ReadAction\",\"target\":[\"https:\/\/www.helloskola.cz\/gymnazium\/dalsi-dobry-debatni-rok\/\"]}]},{\"@type\":\"ImageObject\",\"inLanguage\":\"cs\",\"@id\":\"https:\/\/www.helloskola.cz\/gymnazium\/dalsi-dobry-debatni-rok\/#primaryimage\",\"url\":\"https:\/\/www.helloskola.cz\/gymnazium\/wp-content\/uploads\/sites\/3\/2022\/05\/131972930_3777189952333766_5401407991545139468_o.jpg\",\"contentUrl\":\"https:\/\/www.helloskola.cz\/gymnazium\/wp-content\/uploads\/sites\/3\/2022\/05\/131972930_3777189952333766_5401407991545139468_o.jpg\",\"width\":1280,\"height\":960},{\"@type\":\"BreadcrumbList\",\"@id\":\"https:\/\/www.helloskola.cz\/gymnazium\/dalsi-dobry-debatni-rok\/#breadcrumb\",\"itemListElement\":[{\"@type\":\"ListItem\",\"position\":1,\"name\":\"\u00davod\",\"item\":\"https:\/\/www.helloskola.cz\/gymnazium\/\"},{\"@type\":\"ListItem\",\"position\":2,\"name\":\"Novinky z gymplu\",\"item\":\"https:\/\/www.helloskola.cz\/gymnazium\/k\/novinky-z-gymplu\/\"},{\"@type\":\"ListItem\",\"position\":3,\"name\":\"Rozj\u00ed\u017ed\u00edme nov\u00fd debatn\u00ed rok 2022\/2023\"}]},{\"@type\":\"WebSite\",\"@id\":\"https:\/\/www.helloskola.cz\/gymnazium\/#website\",\"url\":\"https:\/\/www.helloskola.cz\/gymnazium\/\",\"name\":\"Gymn\u00e1zium HELLO\",\"description\":\"St\u0159edn\u00ed \u0161kola s pos\u00edlenou v\u00fdukou ciz\u00edch jazyk\u016f\",\"publisher\":{\"@id\":\"https:\/\/www.helloskola.cz\/gymnazium\/#organization\"},\"potentialAction\":[{\"@type\":\"SearchAction\",\"target\":{\"@type\":\"EntryPoint\",\"urlTemplate\":\"https:\/\/www.helloskola.cz\/gymnazium\/?s={search_term_string}\"},\"query-input\":{\"@type\":\"PropertyValueSpecification\",\"valueRequired\":true,\"valueName\":\"search_term_string\"}}],\"inLanguage\":\"cs\"},{\"@type\":\"Organization\",\"@id\":\"https:\/\/www.helloskola.cz\/gymnazium\/#organization\",\"name\":\"Gymn\u00e1zium Hello\",\"url\":\"https:\/\/www.helloskola.cz\/gymnazium\/\",\"logo\":{\"@type\":\"ImageObject\",\"inLanguage\":\"cs\",\"@id\":\"https:\/\/www.helloskola.cz\/gymnazium\/#\/schema\/logo\/image\/\",\"url\":\"https:\/\/www.helloskola.cz\/gymnazium\/wp-content\/uploads\/sites\/3\/2022\/02\/hello_gy_cmyk-1.svg\",\"contentUrl\":\"https:\/\/www.helloskola.cz\/gymnazium\/wp-content\/uploads\/sites\/3\/2022\/02\/hello_gy_cmyk-1.svg\",\"width\":100,\"height\":100,\"caption\":\"Gymn\u00e1zium Hello\"},\"image\":{\"@id\":\"https:\/\/www.helloskola.cz\/gymnazium\/#\/schema\/logo\/image\/\"}},{\"@type\":\"Person\",\"@id\":\"https:\/\/www.helloskola.cz\/gymnazium\/#\/schema\/person\/f71410e4131a4365c37c2f22d338418c\",\"name\":\"Gabriela Jur\u00e1nkov\u00e1\",\"image\":{\"@type\":\"ImageObject\",\"inLanguage\":\"cs\",\"@id\":\"https:\/\/www.helloskola.cz\/gymnazium\/#\/schema\/person\/image\/\",\"url\":\"https:\/\/secure.gravatar.com\/avatar\/f707afe5cf46268eed5a9db63f84942e656741919f5435221d7d94bb9f546b5d?s=96&d=mm&r=g\",\"contentUrl\":\"https:\/\/secure.gravatar.com\/avatar\/f707afe5cf46268eed5a9db63f84942e656741919f5435221d7d94bb9f546b5d?s=96&d=mm&r=g\",\"caption\":\"Gabriela Jur\u00e1nkov\u00e1\"}}]}<\/script>\n<!-- \/ Yoast SEO plugin. -->","yoast_head_json":{"title":"Rozj\u00ed\u017ed\u00edme nov\u00fd debatn\u00ed rok 2022\/2023 | Gymn\u00e1zium HELLO","robots":{"index":"index","follow":"follow","max-snippet":"max-snippet:-1","max-image-preview":"max-image-preview:large","max-video-preview":"max-video-preview:-1"},"canonical":"https:\/\/www.helloskola.cz\/gymnazium\/dalsi-dobry-debatni-rok\/","og_locale":"cs_CZ","og_type":"article","og_title":"Rozj\u00ed\u017ed\u00edme nov\u00fd debatn\u00ed rok 2022\/2023 | Gymn\u00e1zium HELLO","og_description":"Takhle vypadal \u00fasp\u011b\u0161n\u00fd n\u00e1bor nov\u00fdch debat\u00e9r\u016f: Dal\u0161\u00ed dobr\u00fd debatn\u00ed rok 2021\/2022 V&nbsp;klidn\u00fdch z\u00e1\u0159ijov\u00fdch vod\u00e1ch \u0161koly Hello jsme naverbovali mohutnou, av\u0161ak nezku\u0161enou pos\u00e1dku \u010d\u00edtaj\u00edc\u00ed 15 el\u00e9v\u016f. Pod veden\u00edm t\u0159ech zku\u0161en\u00fdch mo\u0159sk\u00fdch vlk\u016f jsme se odrazili od klidn\u00fdch b\u0159eh\u016f Hello a vydali se na dobrodru\u017enou a nev\u0161edn\u00ed plavbu, av\u0161ak za\u010d\u00e1tky nebyly jednoduch\u00e9. Rozbou\u0159en\u00e9 mo\u0159e vyvol\u00e1valo silnou mo\u0159skou [&hellip;]","og_url":"https:\/\/www.helloskola.cz\/gymnazium\/dalsi-dobry-debatni-rok\/","og_site_name":"Gymn\u00e1zium HELLO","article_published_time":"2022-06-29T08:48:56+00:00","article_modified_time":"2022-09-10T13:53:43+00:00","og_image":[{"width":1280,"height":960,"url":"https:\/\/www.helloskola.cz\/gymnazium\/wp-content\/uploads\/sites\/3\/2022\/05\/131972930_3777189952333766_5401407991545139468_o.jpg","type":"image\/jpeg"}],"author":"Gabriela Jur\u00e1nkov\u00e1","twitter_card":"summary_large_image","twitter_misc":{"Napsal(a)":"Gabriela Jur\u00e1nkov\u00e1","Odhadovan\u00e1 doba \u010dten\u00ed":"2 minuty"},"schema":{"@context":"https:\/\/schema.org","@graph":[{"@type":"Article","@id":"https:\/\/www.helloskola.cz\/gymnazium\/dalsi-dobry-debatni-rok\/#article","isPartOf":{"@id":"https:\/\/www.helloskola.cz\/gymnazium\/dalsi-dobry-debatni-rok\/"},"author":{"name":"Gabriela Jur\u00e1nkov\u00e1","@id":"https:\/\/www.helloskola.cz\/gymnazium\/#\/schema\/person\/f71410e4131a4365c37c2f22d338418c"},"headline":"Rozj\u00ed\u017ed\u00edme nov\u00fd debatn\u00ed rok 2022\/2023","datePublished":"2022-06-29T08:48:56+00:00","dateModified":"2022-09-10T13:53:43+00:00","mainEntityOfPage":{"@id":"https:\/\/www.helloskola.cz\/gymnazium\/dalsi-dobry-debatni-rok\/"},"wordCount":420,"publisher":{"@id":"https:\/\/www.helloskola.cz\/gymnazium\/#organization"},"image":{"@id":"https:\/\/www.helloskola.cz\/gymnazium\/dalsi-dobry-debatni-rok\/#primaryimage"},"thumbnailUrl":"https:\/\/www.helloskola.cz\/gymnazium\/wp-content\/uploads\/sites\/3\/2022\/05\/131972930_3777189952333766_5401407991545139468_o.jpg","articleSection":["Novinky z gymplu"],"inLanguage":"cs"},{"@type":"WebPage","@id":"https:\/\/www.helloskola.cz\/gymnazium\/dalsi-dobry-debatni-rok\/","url":"https:\/\/www.helloskola.cz\/gymnazium\/dalsi-dobry-debatni-rok\/","name":"Rozj\u00ed\u017ed\u00edme nov\u00fd debatn\u00ed rok 2022\/2023 | Gymn\u00e1zium HELLO","isPartOf":{"@id":"https:\/\/www.helloskola.cz\/gymnazium\/#website"},"primaryImageOfPage":{"@id":"https:\/\/www.helloskola.cz\/gymnazium\/dalsi-dobry-debatni-rok\/#primaryimage"},"image":{"@id":"https:\/\/www.helloskola.cz\/gymnazium\/dalsi-dobry-debatni-rok\/#primaryimage"},"thumbnailUrl":"https:\/\/www.helloskola.cz\/gymnazium\/wp-content\/uploads\/sites\/3\/2022\/05\/131972930_3777189952333766_5401407991545139468_o.jpg","datePublished":"2022-06-29T08:48:56+00:00","dateModified":"2022-09-10T13:53:43+00:00","breadcrumb":{"@id":"https:\/\/www.helloskola.cz\/gymnazium\/dalsi-dobry-debatni-rok\/#breadcrumb"},"inLanguage":"cs","potentialAction":[{"@type":"ReadAction","target":["https:\/\/www.helloskola.cz\/gymnazium\/dalsi-dobry-debatni-rok\/"]}]},{"@type":"ImageObject","inLanguage":"cs","@id":"https:\/\/www.helloskola.cz\/gymnazium\/dalsi-dobry-debatni-rok\/#primaryimage","url":"https:\/\/www.helloskola.cz\/gymnazium\/wp-content\/uploads\/sites\/3\/2022\/05\/131972930_3777189952333766_5401407991545139468_o.jpg","contentUrl":"https:\/\/www.helloskola.cz\/gymnazium\/wp-content\/uploads\/sites\/3\/2022\/05\/131972930_3777189952333766_5401407991545139468_o.jpg","width":1280,"height":960},{"@type":"BreadcrumbList","@id":"https:\/\/www.helloskola.cz\/gymnazium\/dalsi-dobry-debatni-rok\/#breadcrumb","itemListElement":[{"@type":"ListItem","position":1,"name":"\u00davod","item":"https:\/\/www.helloskola.cz\/gymnazium\/"},{"@type":"ListItem","position":2,"name":"Novinky z gymplu","item":"https:\/\/www.helloskola.cz\/gymnazium\/k\/novinky-z-gymplu\/"},{"@type":"ListItem","position":3,"name":"Rozj\u00ed\u017ed\u00edme nov\u00fd debatn\u00ed rok 2022\/2023"}]},{"@type":"WebSite","@id":"https:\/\/www.helloskola.cz\/gymnazium\/#website","url":"https:\/\/www.helloskola.cz\/gymnazium\/","name":"Gymn\u00e1zium HELLO","description":"St\u0159edn\u00ed \u0161kola s pos\u00edlenou v\u00fdukou ciz\u00edch jazyk\u016f","publisher":{"@id":"https:\/\/www.helloskola.cz\/gymnazium\/#organization"},"potentialAction":[{"@type":"SearchAction","target":{"@type":"EntryPoint","urlTemplate":"https:\/\/www.helloskola.cz\/gymnazium\/?s={search_term_string}"},"query-input":{"@type":"PropertyValueSpecification","valueRequired":true,"valueName":"search_term_string"}}],"inLanguage":"cs"},{"@type":"Organization","@id":"https:\/\/www.helloskola.cz\/gymnazium\/#organization","name":"Gymn\u00e1zium Hello","url":"https:\/\/www.helloskola.cz\/gymnazium\/","logo":{"@type":"ImageObject","inLanguage":"cs","@id":"https:\/\/www.helloskola.cz\/gymnazium\/#\/schema\/logo\/image\/","url":"https:\/\/www.helloskola.cz\/gymnazium\/wp-content\/uploads\/sites\/3\/2022\/02\/hello_gy_cmyk-1.svg","contentUrl":"https:\/\/www.helloskola.cz\/gymnazium\/wp-content\/uploads\/sites\/3\/2022\/02\/hello_gy_cmyk-1.svg","width":100,"height":100,"caption":"Gymn\u00e1zium Hello"},"image":{"@id":"https:\/\/www.helloskola.cz\/gymnazium\/#\/schema\/logo\/image\/"}},{"@type":"Person","@id":"https:\/\/www.helloskola.cz\/gymnazium\/#\/schema\/person\/f71410e4131a4365c37c2f22d338418c","name":"Gabriela Jur\u00e1nkov\u00e1","image":{"@type":"ImageObject","inLanguage":"cs","@id":"https:\/\/www.helloskola.cz\/gymnazium\/#\/schema\/person\/image\/","url":"https:\/\/secure.gravatar.com\/avatar\/f707afe5cf46268eed5a9db63f84942e656741919f5435221d7d94bb9f546b5d?s=96&d=mm&r=g","contentUrl":"https:\/\/secure.gravatar.com\/avatar\/f707afe5cf46268eed5a9db63f84942e656741919f5435221d7d94bb9f546b5d?s=96&d=mm&r=g","caption":"Gabriela Jur\u00e1nkov\u00e1"}}]}},"_links":{"self":[{"href":"https:\/\/www.helloskola.cz\/gymnazium\/wp-json\/wp\/v2\/posts\/2384","targetHints":{"allow":["GET"]}}],"collection":[{"href":"https:\/\/www.helloskola.cz\/gymnazium\/wp-json\/wp\/v2\/posts"}],"about":[{"href":"https:\/\/www.helloskola.cz\/gymnazium\/wp-json\/wp\/v2\/types\/post"}],"author":[{"embeddable":true,"href":"https:\/\/www.helloskola.cz\/gymnazium\/wp-json\/wp\/v2\/users\/3"}],"replies":[{"embeddable":true,"href":"https:\/\/www.helloskola.cz\/gymnazium\/wp-json\/wp\/v2\/comments?post=2384"}],"version-history":[{"count":2,"href":"https:\/\/www.helloskola.cz\/gymnazium\/wp-json\/wp\/v2\/posts\/2384\/revisions"}],"predecessor-version":[{"id":3708,"href":"https:\/\/www.helloskola.cz\/gymnazium\/wp-json\/wp\/v2\/posts\/2384\/revisions\/3708"}],"wp:featuredmedia":[{"embeddable":true,"href":"https:\/\/www.helloskola.cz\/gymnazium\/wp-json\/wp\/v2\/media\/2017"}],"wp:attachment":[{"href":"https:\/\/www.helloskola.cz\/gymnazium\/wp-json\/wp\/v2\/media?parent=2384"}],"wp:term":[{"taxonomy":"category","embeddable":true,"href":"https:\/\/www.helloskola.cz\/gymnazium\/wp-json\/wp\/v2\/categories?post=2384"},{"taxonomy":"post_tag","embeddable":true,"href":"https:\/\/www.helloskola.cz\/gymnazium\/wp-json\/wp\/v2\/tags?post=2384"}],"curies":[{"name":"wp","href":"https:\/\/api.w.org\/{rel}","templated":true}]}}