{"id":172,"date":"2022-02-20T15:32:26","date_gmt":"2022-02-20T14:32:26","guid":{"rendered":"https:\/\/www.helloskola.cz\/gymnazium\/?p=172"},"modified":"2022-04-18T10:11:35","modified_gmt":"2022-04-18T08:11:35","slug":"aktualita-3","status":"publish","type":"post","link":"https:\/\/www.helloskola.cz\/gymnazium\/aktualita-3\/","title":{"rendered":"Ly\u017ea\u0159sk\u00fd kurz v Rakousku"},"content":{"rendered":"\n<p>Sn\u00edh, slunce, svahy. Povedlo se. Pr\u00e1vci a druh\u00e1ci, ly\u017ea\u0159i i snowboardisti a n\u00e1\u0161 skv\u011bl\u00fd pedagogick\u00fd t\u00fdm. <\/p>\n\n\n\n<figure class=\"wp-block-kadence-image kb-image_b7ecf2-21 size-large\"><img fetchpriority=\"high\" decoding=\"async\" width=\"1024\" height=\"772\" src=\"https:\/\/www.helloskola.cz\/gymnazium\/wp-content\/uploads\/sites\/3\/2022\/04\/277999661_5238082029577877_4581394256187822186_n-1024x772.jpg\" alt=\"\" class=\"kb-img wp-image-1649\" srcset=\"https:\/\/www.helloskola.cz\/gymnazium\/wp-content\/uploads\/sites\/3\/2022\/04\/277999661_5238082029577877_4581394256187822186_n-1024x772.jpg 1024w, https:\/\/www.helloskola.cz\/gymnazium\/wp-content\/uploads\/sites\/3\/2022\/04\/277999661_5238082029577877_4581394256187822186_n-300x226.jpg 300w, https:\/\/www.helloskola.cz\/gymnazium\/wp-content\/uploads\/sites\/3\/2022\/04\/277999661_5238082029577877_4581394256187822186_n-768x579.jpg 768w, https:\/\/www.helloskola.cz\/gymnazium\/wp-content\/uploads\/sites\/3\/2022\/04\/277999661_5238082029577877_4581394256187822186_n.jpg 1206w\" sizes=\"(max-width: 1024px) 100vw, 1024px\" \/><\/figure>\n","protected":false},"excerpt":{"rendered":"<p>Sn\u00edh, slunce, svahy. Povedlo se. Pr\u00e1vci a druh\u00e1ci, ly\u017ea\u0159i i snowboardisti a n\u00e1\u0161 skv\u011bl\u00fd pedagogick\u00fd t\u00fdm.<\/p>\n","protected":false},"author":1,"featured_media":1646,"comment_status":"closed","ping_status":"closed","sticky":false,"template":"","format":"standard","meta":{"footnotes":""},"categories":[1],"tags":[],"class_list":["post-172","post","type-post","status-publish","format-standard","has-post-thumbnail","hentry","category-novinky-z-gymplu"],"yoast_head":"<!-- This site is optimized with the Yoast SEO plugin v24.8.1 - https:\/\/yoast.com\/wordpress\/plugins\/seo\/ -->\n<title>Ly\u017ea\u0159sk\u00fd kurz v Rakousku | Gymn\u00e1zium HELLO<\/title>\n<meta name=\"robots\" content=\"index, follow, max-snippet:-1, max-image-preview:large, max-video-preview:-1\" \/>\n<link rel=\"canonical\" href=\"https:\/\/www.helloskola.cz\/gymnazium\/aktualita-3\/\" \/>\n<meta property=\"og:locale\" content=\"cs_CZ\" \/>\n<meta property=\"og:type\" content=\"article\" \/>\n<meta property=\"og:title\" content=\"Ly\u017ea\u0159sk\u00fd kurz v Rakousku | Gymn\u00e1zium HELLO\" \/>\n<meta property=\"og:description\" content=\"Sn\u00edh, slunce, svahy. Povedlo se. Pr\u00e1vci a druh\u00e1ci, ly\u017ea\u0159i i snowboardisti a n\u00e1\u0161 skv\u011bl\u00fd pedagogick\u00fd t\u00fdm.\" \/>\n<meta property=\"og:url\" content=\"https:\/\/www.helloskola.cz\/gymnazium\/aktualita-3\/\" \/>\n<meta property=\"og:site_name\" content=\"Gymn\u00e1zium HELLO\" \/>\n<meta property=\"article:published_time\" content=\"2022-02-20T14:32:26+00:00\" \/>\n<meta property=\"article:modified_time\" content=\"2022-04-18T08:11:35+00:00\" \/>\n<meta property=\"og:image\" content=\"https:\/\/www.helloskola.cz\/gymnazium\/wp-content\/uploads\/sites\/3\/2022\/02\/277791144_5238082052911208_4006356166953571922_n.jpg\" \/>\n\t<meta property=\"og:image:width\" content=\"1440\" \/>\n\t<meta property=\"og:image:height\" content=\"1082\" \/>\n\t<meta property=\"og:image:type\" content=\"image\/jpeg\" \/>\n<meta name=\"author\" content=\"janhanzl\" \/>\n<meta name=\"twitter:card\" content=\"summary_large_image\" \/>\n<meta name=\"twitter:label1\" content=\"Napsal(a)\" \/>\n\t<meta name=\"twitter:data1\" content=\"janhanzl\" \/>\n\t<meta name=\"twitter:label2\" content=\"Odhadovan\u00e1 doba \u010dten\u00ed\" \/>\n\t<meta name=\"twitter:data2\" content=\"1 minuta\" \/>\n<script type=\"application\/ld+json\" class=\"yoast-schema-graph\">{\"@context\":\"https:\/\/schema.org\",\"@graph\":[{\"@type\":\"Article\",\"@id\":\"https:\/\/www.helloskola.cz\/gymnazium\/aktualita-3\/#article\",\"isPartOf\":{\"@id\":\"https:\/\/www.helloskola.cz\/gymnazium\/aktualita-3\/\"},\"author\":{\"name\":\"janhanzl\",\"@id\":\"https:\/\/www.helloskola.cz\/gymnazium\/#\/schema\/person\/1eda3943d83d901bfa9f5f3f14cd69b2\"},\"headline\":\"Ly\u017ea\u0159sk\u00fd kurz v Rakousku\",\"datePublished\":\"2022-02-20T14:32:26+00:00\",\"dateModified\":\"2022-04-18T08:11:35+00:00\",\"mainEntityOfPage\":{\"@id\":\"https:\/\/www.helloskola.cz\/gymnazium\/aktualita-3\/\"},\"wordCount\":29,\"publisher\":{\"@id\":\"https:\/\/www.helloskola.cz\/gymnazium\/#organization\"},\"image\":{\"@id\":\"https:\/\/www.helloskola.cz\/gymnazium\/aktualita-3\/#primaryimage\"},\"thumbnailUrl\":\"https:\/\/www.helloskola.cz\/gymnazium\/wp-content\/uploads\/sites\/3\/2022\/02\/277791144_5238082052911208_4006356166953571922_n.jpg\",\"articleSection\":[\"Novinky z gymplu\"],\"inLanguage\":\"cs\"},{\"@type\":\"WebPage\",\"@id\":\"https:\/\/www.helloskola.cz\/gymnazium\/aktualita-3\/\",\"url\":\"https:\/\/www.helloskola.cz\/gymnazium\/aktualita-3\/\",\"name\":\"Ly\u017ea\u0159sk\u00fd kurz v Rakousku | Gymn\u00e1zium HELLO\",\"isPartOf\":{\"@id\":\"https:\/\/www.helloskola.cz\/gymnazium\/#website\"},\"primaryImageOfPage\":{\"@id\":\"https:\/\/www.helloskola.cz\/gymnazium\/aktualita-3\/#primaryimage\"},\"image\":{\"@id\":\"https:\/\/www.helloskola.cz\/gymnazium\/aktualita-3\/#primaryimage\"},\"thumbnailUrl\":\"https:\/\/www.helloskola.cz\/gymnazium\/wp-content\/uploads\/sites\/3\/2022\/02\/277791144_5238082052911208_4006356166953571922_n.jpg\",\"datePublished\":\"2022-02-20T14:32:26+00:00\",\"dateModified\":\"2022-04-18T08:11:35+00:00\",\"breadcrumb\":{\"@id\":\"https:\/\/www.helloskola.cz\/gymnazium\/aktualita-3\/#breadcrumb\"},\"inLanguage\":\"cs\",\"potentialAction\":[{\"@type\":\"ReadAction\",\"target\":[\"https:\/\/www.helloskola.cz\/gymnazium\/aktualita-3\/\"]}]},{\"@type\":\"ImageObject\",\"inLanguage\":\"cs\",\"@id\":\"https:\/\/www.helloskola.cz\/gymnazium\/aktualita-3\/#primaryimage\",\"url\":\"https:\/\/www.helloskola.cz\/gymnazium\/wp-content\/uploads\/sites\/3\/2022\/02\/277791144_5238082052911208_4006356166953571922_n.jpg\",\"contentUrl\":\"https:\/\/www.helloskola.cz\/gymnazium\/wp-content\/uploads\/sites\/3\/2022\/02\/277791144_5238082052911208_4006356166953571922_n.jpg\",\"width\":1440,\"height\":1082},{\"@type\":\"BreadcrumbList\",\"@id\":\"https:\/\/www.helloskola.cz\/gymnazium\/aktualita-3\/#breadcrumb\",\"itemListElement\":[{\"@type\":\"ListItem\",\"position\":1,\"name\":\"\u00davod\",\"item\":\"https:\/\/www.helloskola.cz\/gymnazium\/\"},{\"@type\":\"ListItem\",\"position\":2,\"name\":\"Novinky z gymplu\",\"item\":\"https:\/\/www.helloskola.cz\/gymnazium\/k\/novinky-z-gymplu\/\"},{\"@type\":\"ListItem\",\"position\":3,\"name\":\"Ly\u017ea\u0159sk\u00fd kurz v Rakousku\"}]},{\"@type\":\"WebSite\",\"@id\":\"https:\/\/www.helloskola.cz\/gymnazium\/#website\",\"url\":\"https:\/\/www.helloskola.cz\/gymnazium\/\",\"name\":\"Gymn\u00e1zium HELLO\",\"description\":\"St\u0159edn\u00ed \u0161kola s pos\u00edlenou v\u00fdukou ciz\u00edch jazyk\u016f\",\"publisher\":{\"@id\":\"https:\/\/www.helloskola.cz\/gymnazium\/#organization\"},\"potentialAction\":[{\"@type\":\"SearchAction\",\"target\":{\"@type\":\"EntryPoint\",\"urlTemplate\":\"https:\/\/www.helloskola.cz\/gymnazium\/?s={search_term_string}\"},\"query-input\":{\"@type\":\"PropertyValueSpecification\",\"valueRequired\":true,\"valueName\":\"search_term_string\"}}],\"inLanguage\":\"cs\"},{\"@type\":\"Organization\",\"@id\":\"https:\/\/www.helloskola.cz\/gymnazium\/#organization\",\"name\":\"Gymn\u00e1zium Hello\",\"url\":\"https:\/\/www.helloskola.cz\/gymnazium\/\",\"logo\":{\"@type\":\"ImageObject\",\"inLanguage\":\"cs\",\"@id\":\"https:\/\/www.helloskola.cz\/gymnazium\/#\/schema\/logo\/image\/\",\"url\":\"https:\/\/www.helloskola.cz\/gymnazium\/wp-content\/uploads\/sites\/3\/2022\/02\/hello_gy_cmyk-1.svg\",\"contentUrl\":\"https:\/\/www.helloskola.cz\/gymnazium\/wp-content\/uploads\/sites\/3\/2022\/02\/hello_gy_cmyk-1.svg\",\"width\":100,\"height\":100,\"caption\":\"Gymn\u00e1zium Hello\"},\"image\":{\"@id\":\"https:\/\/www.helloskola.cz\/gymnazium\/#\/schema\/logo\/image\/\"}},{\"@type\":\"Person\",\"@id\":\"https:\/\/www.helloskola.cz\/gymnazium\/#\/schema\/person\/1eda3943d83d901bfa9f5f3f14cd69b2\",\"name\":\"janhanzl\",\"image\":{\"@type\":\"ImageObject\",\"inLanguage\":\"cs\",\"@id\":\"https:\/\/www.helloskola.cz\/gymnazium\/#\/schema\/person\/image\/\",\"url\":\"https:\/\/secure.gravatar.com\/avatar\/3d03e01c435549d2b0799892fc0a0e7bea3dbbfb5699712e9823e9991ea906f0?s=96&d=mm&r=g\",\"contentUrl\":\"https:\/\/secure.gravatar.com\/avatar\/3d03e01c435549d2b0799892fc0a0e7bea3dbbfb5699712e9823e9991ea906f0?s=96&d=mm&r=g\",\"caption\":\"janhanzl\"},\"sameAs\":[\"https:\/\/www.janhanzl.cz\"]}]}<\/script>\n<!-- \/ Yoast SEO plugin. -->","yoast_head_json":{"title":"Ly\u017ea\u0159sk\u00fd kurz v Rakousku | Gymn\u00e1zium HELLO","robots":{"index":"index","follow":"follow","max-snippet":"max-snippet:-1","max-image-preview":"max-image-preview:large","max-video-preview":"max-video-preview:-1"},"canonical":"https:\/\/www.helloskola.cz\/gymnazium\/aktualita-3\/","og_locale":"cs_CZ","og_type":"article","og_title":"Ly\u017ea\u0159sk\u00fd kurz v Rakousku | Gymn\u00e1zium HELLO","og_description":"Sn\u00edh, slunce, svahy. Povedlo se. Pr\u00e1vci a druh\u00e1ci, ly\u017ea\u0159i i snowboardisti a n\u00e1\u0161 skv\u011bl\u00fd pedagogick\u00fd t\u00fdm.","og_url":"https:\/\/www.helloskola.cz\/gymnazium\/aktualita-3\/","og_site_name":"Gymn\u00e1zium HELLO","article_published_time":"2022-02-20T14:32:26+00:00","article_modified_time":"2022-04-18T08:11:35+00:00","og_image":[{"width":1440,"height":1082,"url":"https:\/\/www.helloskola.cz\/gymnazium\/wp-content\/uploads\/sites\/3\/2022\/02\/277791144_5238082052911208_4006356166953571922_n.jpg","type":"image\/jpeg"}],"author":"janhanzl","twitter_card":"summary_large_image","twitter_misc":{"Napsal(a)":"janhanzl","Odhadovan\u00e1 doba \u010dten\u00ed":"1 minuta"},"schema":{"@context":"https:\/\/schema.org","@graph":[{"@type":"Article","@id":"https:\/\/www.helloskola.cz\/gymnazium\/aktualita-3\/#article","isPartOf":{"@id":"https:\/\/www.helloskola.cz\/gymnazium\/aktualita-3\/"},"author":{"name":"janhanzl","@id":"https:\/\/www.helloskola.cz\/gymnazium\/#\/schema\/person\/1eda3943d83d901bfa9f5f3f14cd69b2"},"headline":"Ly\u017ea\u0159sk\u00fd kurz v Rakousku","datePublished":"2022-02-20T14:32:26+00:00","dateModified":"2022-04-18T08:11:35+00:00","mainEntityOfPage":{"@id":"https:\/\/www.helloskola.cz\/gymnazium\/aktualita-3\/"},"wordCount":29,"publisher":{"@id":"https:\/\/www.helloskola.cz\/gymnazium\/#organization"},"image":{"@id":"https:\/\/www.helloskola.cz\/gymnazium\/aktualita-3\/#primaryimage"},"thumbnailUrl":"https:\/\/www.helloskola.cz\/gymnazium\/wp-content\/uploads\/sites\/3\/2022\/02\/277791144_5238082052911208_4006356166953571922_n.jpg","articleSection":["Novinky z gymplu"],"inLanguage":"cs"},{"@type":"WebPage","@id":"https:\/\/www.helloskola.cz\/gymnazium\/aktualita-3\/","url":"https:\/\/www.helloskola.cz\/gymnazium\/aktualita-3\/","name":"Ly\u017ea\u0159sk\u00fd kurz v Rakousku | Gymn\u00e1zium HELLO","isPartOf":{"@id":"https:\/\/www.helloskola.cz\/gymnazium\/#website"},"primaryImageOfPage":{"@id":"https:\/\/www.helloskola.cz\/gymnazium\/aktualita-3\/#primaryimage"},"image":{"@id":"https:\/\/www.helloskola.cz\/gymnazium\/aktualita-3\/#primaryimage"},"thumbnailUrl":"https:\/\/www.helloskola.cz\/gymnazium\/wp-content\/uploads\/sites\/3\/2022\/02\/277791144_5238082052911208_4006356166953571922_n.jpg","datePublished":"2022-02-20T14:32:26+00:00","dateModified":"2022-04-18T08:11:35+00:00","breadcrumb":{"@id":"https:\/\/www.helloskola.cz\/gymnazium\/aktualita-3\/#breadcrumb"},"inLanguage":"cs","potentialAction":[{"@type":"ReadAction","target":["https:\/\/www.helloskola.cz\/gymnazium\/aktualita-3\/"]}]},{"@type":"ImageObject","inLanguage":"cs","@id":"https:\/\/www.helloskola.cz\/gymnazium\/aktualita-3\/#primaryimage","url":"https:\/\/www.helloskola.cz\/gymnazium\/wp-content\/uploads\/sites\/3\/2022\/02\/277791144_5238082052911208_4006356166953571922_n.jpg","contentUrl":"https:\/\/www.helloskola.cz\/gymnazium\/wp-content\/uploads\/sites\/3\/2022\/02\/277791144_5238082052911208_4006356166953571922_n.jpg","width":1440,"height":1082},{"@type":"BreadcrumbList","@id":"https:\/\/www.helloskola.cz\/gymnazium\/aktualita-3\/#breadcrumb","itemListElement":[{"@type":"ListItem","position":1,"name":"\u00davod","item":"https:\/\/www.helloskola.cz\/gymnazium\/"},{"@type":"ListItem","position":2,"name":"Novinky z gymplu","item":"https:\/\/www.helloskola.cz\/gymnazium\/k\/novinky-z-gymplu\/"},{"@type":"ListItem","position":3,"name":"Ly\u017ea\u0159sk\u00fd kurz v Rakousku"}]},{"@type":"WebSite","@id":"https:\/\/www.helloskola.cz\/gymnazium\/#website","url":"https:\/\/www.helloskola.cz\/gymnazium\/","name":"Gymn\u00e1zium HELLO","description":"St\u0159edn\u00ed \u0161kola s pos\u00edlenou v\u00fdukou ciz\u00edch jazyk\u016f","publisher":{"@id":"https:\/\/www.helloskola.cz\/gymnazium\/#organization"},"potentialAction":[{"@type":"SearchAction","target":{"@type":"EntryPoint","urlTemplate":"https:\/\/www.helloskola.cz\/gymnazium\/?s={search_term_string}"},"query-input":{"@type":"PropertyValueSpecification","valueRequired":true,"valueName":"search_term_string"}}],"inLanguage":"cs"},{"@type":"Organization","@id":"https:\/\/www.helloskola.cz\/gymnazium\/#organization","name":"Gymn\u00e1zium Hello","url":"https:\/\/www.helloskola.cz\/gymnazium\/","logo":{"@type":"ImageObject","inLanguage":"cs","@id":"https:\/\/www.helloskola.cz\/gymnazium\/#\/schema\/logo\/image\/","url":"https:\/\/www.helloskola.cz\/gymnazium\/wp-content\/uploads\/sites\/3\/2022\/02\/hello_gy_cmyk-1.svg","contentUrl":"https:\/\/www.helloskola.cz\/gymnazium\/wp-content\/uploads\/sites\/3\/2022\/02\/hello_gy_cmyk-1.svg","width":100,"height":100,"caption":"Gymn\u00e1zium Hello"},"image":{"@id":"https:\/\/www.helloskola.cz\/gymnazium\/#\/schema\/logo\/image\/"}},{"@type":"Person","@id":"https:\/\/www.helloskola.cz\/gymnazium\/#\/schema\/person\/1eda3943d83d901bfa9f5f3f14cd69b2","name":"janhanzl","image":{"@type":"ImageObject","inLanguage":"cs","@id":"https:\/\/www.helloskola.cz\/gymnazium\/#\/schema\/person\/image\/","url":"https:\/\/secure.gravatar.com\/avatar\/3d03e01c435549d2b0799892fc0a0e7bea3dbbfb5699712e9823e9991ea906f0?s=96&d=mm&r=g","contentUrl":"https:\/\/secure.gravatar.com\/avatar\/3d03e01c435549d2b0799892fc0a0e7bea3dbbfb5699712e9823e9991ea906f0?s=96&d=mm&r=g","caption":"janhanzl"},"sameAs":["https:\/\/www.janhanzl.cz"]}]}},"_links":{"self":[{"href":"https:\/\/www.helloskola.cz\/gymnazium\/wp-json\/wp\/v2\/posts\/172","targetHints":{"allow":["GET"]}}],"collection":[{"href":"https:\/\/www.helloskola.cz\/gymnazium\/wp-json\/wp\/v2\/posts"}],"about":[{"href":"https:\/\/www.helloskola.cz\/gymnazium\/wp-json\/wp\/v2\/types\/post"}],"author":[{"embeddable":true,"href":"https:\/\/www.helloskola.cz\/gymnazium\/wp-json\/wp\/v2\/users\/1"}],"replies":[{"embeddable":true,"href":"https:\/\/www.helloskola.cz\/gymnazium\/wp-json\/wp\/v2\/comments?post=172"}],"version-history":[{"count":4,"href":"https:\/\/www.helloskola.cz\/gymnazium\/wp-json\/wp\/v2\/posts\/172\/revisions"}],"predecessor-version":[{"id":1650,"href":"https:\/\/www.helloskola.cz\/gymnazium\/wp-json\/wp\/v2\/posts\/172\/revisions\/1650"}],"wp:featuredmedia":[{"embeddable":true,"href":"https:\/\/www.helloskola.cz\/gymnazium\/wp-json\/wp\/v2\/media\/1646"}],"wp:attachment":[{"href":"https:\/\/www.helloskola.cz\/gymnazium\/wp-json\/wp\/v2\/media?parent=172"}],"wp:term":[{"taxonomy":"category","embeddable":true,"href":"https:\/\/www.helloskola.cz\/gymnazium\/wp-json\/wp\/v2\/categories?post=172"},{"taxonomy":"post_tag","embeddable":true,"href":"https:\/\/www.helloskola.cz\/gymnazium\/wp-json\/wp\/v2\/tags?post=172"}],"curies":[{"name":"wp","href":"https:\/\/api.w.org\/{rel}","templated":true}]}}