{"id":1651,"date":"2022-04-18T10:22:18","date_gmt":"2022-04-18T08:22:18","guid":{"rendered":"https:\/\/www.helloskola.cz\/gymnazium\/?p=1651"},"modified":"2022-05-06T21:39:34","modified_gmt":"2022-05-06T19:39:34","slug":"studentska-vedecka-konference","status":"publish","type":"post","link":"https:\/\/www.helloskola.cz\/gymnazium\/studentska-vedecka-konference\/","title":{"rendered":"Studentsk\u00e1 v\u011bdeck\u00e1 konference"},"content":{"rendered":"\n<p>Na\u0161i studenti \u0161pan\u011bl\u0161tiny vystoupili na Studentsk\u00e9 v\u011bdeck\u00e9 konference, kterou po\u0159\u00e1d\u00e1 ka\u017edoro\u010dn\u011b Katedra romanistiky FF OU. Sou\u010d\u00e1st\u00ed konference je i Sout\u011b\u017e o nejlep\u0161\u00ed prezentaci ve \u0161pan\u011bl\u0161tin\u011b. Prezentuj\u00edc\u00edmi na t\u00e9to konferenci nejsou jen univerzitn\u00ed studenti, kte\u0159\u00ed obvykle prezentuj\u00ed sv\u00e9 diplomov\u00e9 pr\u00e1ce, ale i odv\u00e1\u017en\u00ed st\u0159edo\u0161kol\u00e1ci (konkr\u00e9tn\u011b 3. a 4. ro\u010dn\u00edk\u016f). A proto\u017ee Hello na to m\u00e1 a neboj\u00ed se uk\u00e1zat sv\u016fj talent, jedn\u00edm z odv\u00e1\u017elivc\u016f byla i na\u0161e zap\u00e1len\u00e1 studentka&nbsp;<strong>Clara&nbsp;Lob<strong>\u00e3<\/strong>o<\/strong>, kter\u00e1 nev\u00e1hala si prezentov\u00e1n\u00ed v ciz\u00edm jazyce, a je\u0161t\u011b na ve\u0159ejnosti, vyzkou\u0161et. Vzhledem k jej\u00edmu portugalsk\u00e9mu p\u016fvodu si zvolila t\u00e9ma j\u00ed bl\u00edzk\u00e9, a to&nbsp;<em>Kultura a jej\u00ed vliv na \u017eivot<\/em>. A\u010dkoli se j\u00ed prvn\u00ed m\u00edsto letos nepoda\u0159ilo obh\u00e1jit, byla jednou z nejlep\u0161\u00edch prezentuj\u00edc\u00edch a m\u00e1 tak na\u0161l\u00e1pnuto na v\u00edt\u011bzstv\u00ed v n\u00e1sleduj\u00edc\u00edm \u0161koln\u00edm roce.&nbsp;Na\u0161i gymnazisti tak jeli nejen Claru podpo\u0159it, ale tak\u00e9 si ov\u011b\u0159it sv\u00e9 dosud nabyt\u00e9 znalosti \u0161pan\u011bl\u0161tiny a inspirovat se, jak m\u00e1 spr\u00e1vn\u00e1 prezentace vypadat a jak nejl\u00e9pe zaujmout publikum sv\u00fdm prezentov\u00e1n\u00edm. A co v\u00edc? Studenti m\u011bli mo\u017enost za\u017e\u00edt na\u017eivo i v\u00fdznamnou \u0161pi\u010dkovou \u010deskou p\u0159ekladatelku z rom\u00e1nsk\u00fdch jazyk\u016f PhDr. Ane\u017eku Charv\u00e1tovou, kter\u00e1 zah\u00e1jila konferenci p\u0159edn\u00e1\u0161kou na t\u00e9ma&nbsp;<em>Obraz n\u00e1sil\u00ed v sou\u010dasn\u00e9 latinskoamerick\u00e9 literatu\u0159e, seri\u00e1lech a dokumentech<\/em>.<\/p>\n\n\n\n<figure class=\"wp-block-kadence-image kb-image_15fbf8-d3 size-large\"><img fetchpriority=\"high\" decoding=\"async\" width=\"1024\" height=\"768\" src=\"https:\/\/www.helloskola.cz\/gymnazium\/wp-content\/uploads\/sites\/3\/2022\/04\/thumbnail_image7-1-1024x768.jpg\" alt=\"\" class=\"kb-img wp-image-1652\" srcset=\"https:\/\/www.helloskola.cz\/gymnazium\/wp-content\/uploads\/sites\/3\/2022\/04\/thumbnail_image7-1-1024x768.jpg 1024w, https:\/\/www.helloskola.cz\/gymnazium\/wp-content\/uploads\/sites\/3\/2022\/04\/thumbnail_image7-1-300x225.jpg 300w, https:\/\/www.helloskola.cz\/gymnazium\/wp-content\/uploads\/sites\/3\/2022\/04\/thumbnail_image7-1-768x576.jpg 768w, https:\/\/www.helloskola.cz\/gymnazium\/wp-content\/uploads\/sites\/3\/2022\/04\/thumbnail_image7-1.jpg 1280w\" sizes=\"(max-width: 1024px) 100vw, 1024px\" \/><\/figure>\n","protected":false},"excerpt":{"rendered":"<p>Na\u0161i studenti \u0161pan\u011bl\u0161tiny vystoupili na Studentsk\u00e9 v\u011bdeck\u00e9 konference, kterou po\u0159\u00e1d\u00e1 ka\u017edoro\u010dn\u011b Katedra romanistiky FF OU. Sou\u010d\u00e1st\u00ed konference je i Sout\u011b\u017e o nejlep\u0161\u00ed prezentaci ve \u0161pan\u011bl\u0161tin\u011b. Prezentuj\u00edc\u00edmi na t\u00e9to konferenci nejsou jen univerzitn\u00ed studenti, kte\u0159\u00ed obvykle prezentuj\u00ed sv\u00e9 diplomov\u00e9 pr\u00e1ce, ale i odv\u00e1\u017en\u00ed st\u0159edo\u0161kol\u00e1ci (konkr\u00e9tn\u011b 3. a 4. ro\u010dn\u00edk\u016f). A proto\u017ee Hello na to m\u00e1 a [&hellip;]<\/p>\n","protected":false},"author":3,"featured_media":1653,"comment_status":"closed","ping_status":"closed","sticky":false,"template":"","format":"standard","meta":{"footnotes":""},"categories":[1],"tags":[],"class_list":["post-1651","post","type-post","status-publish","format-standard","has-post-thumbnail","hentry","category-novinky-z-gymplu"],"yoast_head":"<!-- This site is optimized with the Yoast SEO plugin v24.8.1 - https:\/\/yoast.com\/wordpress\/plugins\/seo\/ -->\n<title>Studentsk\u00e1 v\u011bdeck\u00e1 konference | Gymn\u00e1zium HELLO<\/title>\n<meta name=\"robots\" content=\"index, follow, max-snippet:-1, max-image-preview:large, max-video-preview:-1\" \/>\n<link rel=\"canonical\" href=\"https:\/\/www.helloskola.cz\/gymnazium\/studentska-vedecka-konference\/\" \/>\n<meta property=\"og:locale\" content=\"cs_CZ\" \/>\n<meta property=\"og:type\" content=\"article\" \/>\n<meta property=\"og:title\" content=\"Studentsk\u00e1 v\u011bdeck\u00e1 konference | Gymn\u00e1zium HELLO\" \/>\n<meta property=\"og:description\" content=\"Na\u0161i studenti \u0161pan\u011bl\u0161tiny vystoupili na Studentsk\u00e9 v\u011bdeck\u00e9 konference, kterou po\u0159\u00e1d\u00e1 ka\u017edoro\u010dn\u011b Katedra romanistiky FF OU. Sou\u010d\u00e1st\u00ed konference je i Sout\u011b\u017e o nejlep\u0161\u00ed prezentaci ve \u0161pan\u011bl\u0161tin\u011b. Prezentuj\u00edc\u00edmi na t\u00e9to konferenci nejsou jen univerzitn\u00ed studenti, kte\u0159\u00ed obvykle prezentuj\u00ed sv\u00e9 diplomov\u00e9 pr\u00e1ce, ale i odv\u00e1\u017en\u00ed st\u0159edo\u0161kol\u00e1ci (konkr\u00e9tn\u011b 3. a 4. ro\u010dn\u00edk\u016f). A proto\u017ee Hello na to m\u00e1 a [&hellip;]\" \/>\n<meta property=\"og:url\" content=\"https:\/\/www.helloskola.cz\/gymnazium\/studentska-vedecka-konference\/\" \/>\n<meta property=\"og:site_name\" content=\"Gymn\u00e1zium HELLO\" \/>\n<meta property=\"article:published_time\" content=\"2022-04-18T08:22:18+00:00\" \/>\n<meta property=\"article:modified_time\" content=\"2022-05-06T19:39:34+00:00\" \/>\n<meta property=\"og:image\" content=\"https:\/\/www.helloskola.cz\/gymnazium\/wp-content\/uploads\/sites\/3\/2022\/04\/thumbnail_image0-1.jpg\" \/>\n\t<meta property=\"og:image:width\" content=\"960\" \/>\n\t<meta property=\"og:image:height\" content=\"1280\" \/>\n\t<meta property=\"og:image:type\" content=\"image\/jpeg\" \/>\n<meta name=\"author\" content=\"Gabriela Jur\u00e1nkov\u00e1\" \/>\n<meta name=\"twitter:card\" content=\"summary_large_image\" \/>\n<meta name=\"twitter:label1\" content=\"Napsal(a)\" \/>\n\t<meta name=\"twitter:data1\" content=\"Gabriela Jur\u00e1nkov\u00e1\" \/>\n\t<meta name=\"twitter:label2\" content=\"Odhadovan\u00e1 doba \u010dten\u00ed\" \/>\n\t<meta name=\"twitter:data2\" content=\"2 minuty\" \/>\n<script type=\"application\/ld+json\" class=\"yoast-schema-graph\">{\"@context\":\"https:\/\/schema.org\",\"@graph\":[{\"@type\":\"Article\",\"@id\":\"https:\/\/www.helloskola.cz\/gymnazium\/studentska-vedecka-konference\/#article\",\"isPartOf\":{\"@id\":\"https:\/\/www.helloskola.cz\/gymnazium\/studentska-vedecka-konference\/\"},\"author\":{\"name\":\"Gabriela Jur\u00e1nkov\u00e1\",\"@id\":\"https:\/\/www.helloskola.cz\/gymnazium\/#\/schema\/person\/f71410e4131a4365c37c2f22d338418c\"},\"headline\":\"Studentsk\u00e1 v\u011bdeck\u00e1 konference\",\"datePublished\":\"2022-04-18T08:22:18+00:00\",\"dateModified\":\"2022-05-06T19:39:34+00:00\",\"mainEntityOfPage\":{\"@id\":\"https:\/\/www.helloskola.cz\/gymnazium\/studentska-vedecka-konference\/\"},\"wordCount\":280,\"publisher\":{\"@id\":\"https:\/\/www.helloskola.cz\/gymnazium\/#organization\"},\"image\":{\"@id\":\"https:\/\/www.helloskola.cz\/gymnazium\/studentska-vedecka-konference\/#primaryimage\"},\"thumbnailUrl\":\"https:\/\/www.helloskola.cz\/gymnazium\/wp-content\/uploads\/sites\/3\/2022\/04\/thumbnail_image0-1.jpg\",\"articleSection\":[\"Novinky z gymplu\"],\"inLanguage\":\"cs\"},{\"@type\":\"WebPage\",\"@id\":\"https:\/\/www.helloskola.cz\/gymnazium\/studentska-vedecka-konference\/\",\"url\":\"https:\/\/www.helloskola.cz\/gymnazium\/studentska-vedecka-konference\/\",\"name\":\"Studentsk\u00e1 v\u011bdeck\u00e1 konference | Gymn\u00e1zium HELLO\",\"isPartOf\":{\"@id\":\"https:\/\/www.helloskola.cz\/gymnazium\/#website\"},\"primaryImageOfPage\":{\"@id\":\"https:\/\/www.helloskola.cz\/gymnazium\/studentska-vedecka-konference\/#primaryimage\"},\"image\":{\"@id\":\"https:\/\/www.helloskola.cz\/gymnazium\/studentska-vedecka-konference\/#primaryimage\"},\"thumbnailUrl\":\"https:\/\/www.helloskola.cz\/gymnazium\/wp-content\/uploads\/sites\/3\/2022\/04\/thumbnail_image0-1.jpg\",\"datePublished\":\"2022-04-18T08:22:18+00:00\",\"dateModified\":\"2022-05-06T19:39:34+00:00\",\"breadcrumb\":{\"@id\":\"https:\/\/www.helloskola.cz\/gymnazium\/studentska-vedecka-konference\/#breadcrumb\"},\"inLanguage\":\"cs\",\"potentialAction\":[{\"@type\":\"ReadAction\",\"target\":[\"https:\/\/www.helloskola.cz\/gymnazium\/studentska-vedecka-konference\/\"]}]},{\"@type\":\"ImageObject\",\"inLanguage\":\"cs\",\"@id\":\"https:\/\/www.helloskola.cz\/gymnazium\/studentska-vedecka-konference\/#primaryimage\",\"url\":\"https:\/\/www.helloskola.cz\/gymnazium\/wp-content\/uploads\/sites\/3\/2022\/04\/thumbnail_image0-1.jpg\",\"contentUrl\":\"https:\/\/www.helloskola.cz\/gymnazium\/wp-content\/uploads\/sites\/3\/2022\/04\/thumbnail_image0-1.jpg\",\"width\":960,\"height\":1280},{\"@type\":\"BreadcrumbList\",\"@id\":\"https:\/\/www.helloskola.cz\/gymnazium\/studentska-vedecka-konference\/#breadcrumb\",\"itemListElement\":[{\"@type\":\"ListItem\",\"position\":1,\"name\":\"\u00davod\",\"item\":\"https:\/\/www.helloskola.cz\/gymnazium\/\"},{\"@type\":\"ListItem\",\"position\":2,\"name\":\"Novinky z gymplu\",\"item\":\"https:\/\/www.helloskola.cz\/gymnazium\/k\/novinky-z-gymplu\/\"},{\"@type\":\"ListItem\",\"position\":3,\"name\":\"Studentsk\u00e1 v\u011bdeck\u00e1 konference\"}]},{\"@type\":\"WebSite\",\"@id\":\"https:\/\/www.helloskola.cz\/gymnazium\/#website\",\"url\":\"https:\/\/www.helloskola.cz\/gymnazium\/\",\"name\":\"Gymn\u00e1zium HELLO\",\"description\":\"St\u0159edn\u00ed \u0161kola s pos\u00edlenou v\u00fdukou ciz\u00edch jazyk\u016f\",\"publisher\":{\"@id\":\"https:\/\/www.helloskola.cz\/gymnazium\/#organization\"},\"potentialAction\":[{\"@type\":\"SearchAction\",\"target\":{\"@type\":\"EntryPoint\",\"urlTemplate\":\"https:\/\/www.helloskola.cz\/gymnazium\/?s={search_term_string}\"},\"query-input\":{\"@type\":\"PropertyValueSpecification\",\"valueRequired\":true,\"valueName\":\"search_term_string\"}}],\"inLanguage\":\"cs\"},{\"@type\":\"Organization\",\"@id\":\"https:\/\/www.helloskola.cz\/gymnazium\/#organization\",\"name\":\"Gymn\u00e1zium Hello\",\"url\":\"https:\/\/www.helloskola.cz\/gymnazium\/\",\"logo\":{\"@type\":\"ImageObject\",\"inLanguage\":\"cs\",\"@id\":\"https:\/\/www.helloskola.cz\/gymnazium\/#\/schema\/logo\/image\/\",\"url\":\"https:\/\/www.helloskola.cz\/gymnazium\/wp-content\/uploads\/sites\/3\/2022\/02\/hello_gy_cmyk-1.svg\",\"contentUrl\":\"https:\/\/www.helloskola.cz\/gymnazium\/wp-content\/uploads\/sites\/3\/2022\/02\/hello_gy_cmyk-1.svg\",\"width\":100,\"height\":100,\"caption\":\"Gymn\u00e1zium Hello\"},\"image\":{\"@id\":\"https:\/\/www.helloskola.cz\/gymnazium\/#\/schema\/logo\/image\/\"}},{\"@type\":\"Person\",\"@id\":\"https:\/\/www.helloskola.cz\/gymnazium\/#\/schema\/person\/f71410e4131a4365c37c2f22d338418c\",\"name\":\"Gabriela Jur\u00e1nkov\u00e1\",\"image\":{\"@type\":\"ImageObject\",\"inLanguage\":\"cs\",\"@id\":\"https:\/\/www.helloskola.cz\/gymnazium\/#\/schema\/person\/image\/\",\"url\":\"https:\/\/secure.gravatar.com\/avatar\/f707afe5cf46268eed5a9db63f84942e656741919f5435221d7d94bb9f546b5d?s=96&d=mm&r=g\",\"contentUrl\":\"https:\/\/secure.gravatar.com\/avatar\/f707afe5cf46268eed5a9db63f84942e656741919f5435221d7d94bb9f546b5d?s=96&d=mm&r=g\",\"caption\":\"Gabriela Jur\u00e1nkov\u00e1\"}}]}<\/script>\n<!-- \/ Yoast SEO plugin. -->","yoast_head_json":{"title":"Studentsk\u00e1 v\u011bdeck\u00e1 konference | Gymn\u00e1zium HELLO","robots":{"index":"index","follow":"follow","max-snippet":"max-snippet:-1","max-image-preview":"max-image-preview:large","max-video-preview":"max-video-preview:-1"},"canonical":"https:\/\/www.helloskola.cz\/gymnazium\/studentska-vedecka-konference\/","og_locale":"cs_CZ","og_type":"article","og_title":"Studentsk\u00e1 v\u011bdeck\u00e1 konference | Gymn\u00e1zium HELLO","og_description":"Na\u0161i studenti \u0161pan\u011bl\u0161tiny vystoupili na Studentsk\u00e9 v\u011bdeck\u00e9 konference, kterou po\u0159\u00e1d\u00e1 ka\u017edoro\u010dn\u011b Katedra romanistiky FF OU. Sou\u010d\u00e1st\u00ed konference je i Sout\u011b\u017e o nejlep\u0161\u00ed prezentaci ve \u0161pan\u011bl\u0161tin\u011b. Prezentuj\u00edc\u00edmi na t\u00e9to konferenci nejsou jen univerzitn\u00ed studenti, kte\u0159\u00ed obvykle prezentuj\u00ed sv\u00e9 diplomov\u00e9 pr\u00e1ce, ale i odv\u00e1\u017en\u00ed st\u0159edo\u0161kol\u00e1ci (konkr\u00e9tn\u011b 3. a 4. ro\u010dn\u00edk\u016f). A proto\u017ee Hello na to m\u00e1 a [&hellip;]","og_url":"https:\/\/www.helloskola.cz\/gymnazium\/studentska-vedecka-konference\/","og_site_name":"Gymn\u00e1zium HELLO","article_published_time":"2022-04-18T08:22:18+00:00","article_modified_time":"2022-05-06T19:39:34+00:00","og_image":[{"width":960,"height":1280,"url":"https:\/\/www.helloskola.cz\/gymnazium\/wp-content\/uploads\/sites\/3\/2022\/04\/thumbnail_image0-1.jpg","type":"image\/jpeg"}],"author":"Gabriela Jur\u00e1nkov\u00e1","twitter_card":"summary_large_image","twitter_misc":{"Napsal(a)":"Gabriela Jur\u00e1nkov\u00e1","Odhadovan\u00e1 doba \u010dten\u00ed":"2 minuty"},"schema":{"@context":"https:\/\/schema.org","@graph":[{"@type":"Article","@id":"https:\/\/www.helloskola.cz\/gymnazium\/studentska-vedecka-konference\/#article","isPartOf":{"@id":"https:\/\/www.helloskola.cz\/gymnazium\/studentska-vedecka-konference\/"},"author":{"name":"Gabriela Jur\u00e1nkov\u00e1","@id":"https:\/\/www.helloskola.cz\/gymnazium\/#\/schema\/person\/f71410e4131a4365c37c2f22d338418c"},"headline":"Studentsk\u00e1 v\u011bdeck\u00e1 konference","datePublished":"2022-04-18T08:22:18+00:00","dateModified":"2022-05-06T19:39:34+00:00","mainEntityOfPage":{"@id":"https:\/\/www.helloskola.cz\/gymnazium\/studentska-vedecka-konference\/"},"wordCount":280,"publisher":{"@id":"https:\/\/www.helloskola.cz\/gymnazium\/#organization"},"image":{"@id":"https:\/\/www.helloskola.cz\/gymnazium\/studentska-vedecka-konference\/#primaryimage"},"thumbnailUrl":"https:\/\/www.helloskola.cz\/gymnazium\/wp-content\/uploads\/sites\/3\/2022\/04\/thumbnail_image0-1.jpg","articleSection":["Novinky z gymplu"],"inLanguage":"cs"},{"@type":"WebPage","@id":"https:\/\/www.helloskola.cz\/gymnazium\/studentska-vedecka-konference\/","url":"https:\/\/www.helloskola.cz\/gymnazium\/studentska-vedecka-konference\/","name":"Studentsk\u00e1 v\u011bdeck\u00e1 konference | Gymn\u00e1zium HELLO","isPartOf":{"@id":"https:\/\/www.helloskola.cz\/gymnazium\/#website"},"primaryImageOfPage":{"@id":"https:\/\/www.helloskola.cz\/gymnazium\/studentska-vedecka-konference\/#primaryimage"},"image":{"@id":"https:\/\/www.helloskola.cz\/gymnazium\/studentska-vedecka-konference\/#primaryimage"},"thumbnailUrl":"https:\/\/www.helloskola.cz\/gymnazium\/wp-content\/uploads\/sites\/3\/2022\/04\/thumbnail_image0-1.jpg","datePublished":"2022-04-18T08:22:18+00:00","dateModified":"2022-05-06T19:39:34+00:00","breadcrumb":{"@id":"https:\/\/www.helloskola.cz\/gymnazium\/studentska-vedecka-konference\/#breadcrumb"},"inLanguage":"cs","potentialAction":[{"@type":"ReadAction","target":["https:\/\/www.helloskola.cz\/gymnazium\/studentska-vedecka-konference\/"]}]},{"@type":"ImageObject","inLanguage":"cs","@id":"https:\/\/www.helloskola.cz\/gymnazium\/studentska-vedecka-konference\/#primaryimage","url":"https:\/\/www.helloskola.cz\/gymnazium\/wp-content\/uploads\/sites\/3\/2022\/04\/thumbnail_image0-1.jpg","contentUrl":"https:\/\/www.helloskola.cz\/gymnazium\/wp-content\/uploads\/sites\/3\/2022\/04\/thumbnail_image0-1.jpg","width":960,"height":1280},{"@type":"BreadcrumbList","@id":"https:\/\/www.helloskola.cz\/gymnazium\/studentska-vedecka-konference\/#breadcrumb","itemListElement":[{"@type":"ListItem","position":1,"name":"\u00davod","item":"https:\/\/www.helloskola.cz\/gymnazium\/"},{"@type":"ListItem","position":2,"name":"Novinky z gymplu","item":"https:\/\/www.helloskola.cz\/gymnazium\/k\/novinky-z-gymplu\/"},{"@type":"ListItem","position":3,"name":"Studentsk\u00e1 v\u011bdeck\u00e1 konference"}]},{"@type":"WebSite","@id":"https:\/\/www.helloskola.cz\/gymnazium\/#website","url":"https:\/\/www.helloskola.cz\/gymnazium\/","name":"Gymn\u00e1zium HELLO","description":"St\u0159edn\u00ed \u0161kola s pos\u00edlenou v\u00fdukou ciz\u00edch jazyk\u016f","publisher":{"@id":"https:\/\/www.helloskola.cz\/gymnazium\/#organization"},"potentialAction":[{"@type":"SearchAction","target":{"@type":"EntryPoint","urlTemplate":"https:\/\/www.helloskola.cz\/gymnazium\/?s={search_term_string}"},"query-input":{"@type":"PropertyValueSpecification","valueRequired":true,"valueName":"search_term_string"}}],"inLanguage":"cs"},{"@type":"Organization","@id":"https:\/\/www.helloskola.cz\/gymnazium\/#organization","name":"Gymn\u00e1zium Hello","url":"https:\/\/www.helloskola.cz\/gymnazium\/","logo":{"@type":"ImageObject","inLanguage":"cs","@id":"https:\/\/www.helloskola.cz\/gymnazium\/#\/schema\/logo\/image\/","url":"https:\/\/www.helloskola.cz\/gymnazium\/wp-content\/uploads\/sites\/3\/2022\/02\/hello_gy_cmyk-1.svg","contentUrl":"https:\/\/www.helloskola.cz\/gymnazium\/wp-content\/uploads\/sites\/3\/2022\/02\/hello_gy_cmyk-1.svg","width":100,"height":100,"caption":"Gymn\u00e1zium Hello"},"image":{"@id":"https:\/\/www.helloskola.cz\/gymnazium\/#\/schema\/logo\/image\/"}},{"@type":"Person","@id":"https:\/\/www.helloskola.cz\/gymnazium\/#\/schema\/person\/f71410e4131a4365c37c2f22d338418c","name":"Gabriela Jur\u00e1nkov\u00e1","image":{"@type":"ImageObject","inLanguage":"cs","@id":"https:\/\/www.helloskola.cz\/gymnazium\/#\/schema\/person\/image\/","url":"https:\/\/secure.gravatar.com\/avatar\/f707afe5cf46268eed5a9db63f84942e656741919f5435221d7d94bb9f546b5d?s=96&d=mm&r=g","contentUrl":"https:\/\/secure.gravatar.com\/avatar\/f707afe5cf46268eed5a9db63f84942e656741919f5435221d7d94bb9f546b5d?s=96&d=mm&r=g","caption":"Gabriela Jur\u00e1nkov\u00e1"}}]}},"_links":{"self":[{"href":"https:\/\/www.helloskola.cz\/gymnazium\/wp-json\/wp\/v2\/posts\/1651","targetHints":{"allow":["GET"]}}],"collection":[{"href":"https:\/\/www.helloskola.cz\/gymnazium\/wp-json\/wp\/v2\/posts"}],"about":[{"href":"https:\/\/www.helloskola.cz\/gymnazium\/wp-json\/wp\/v2\/types\/post"}],"author":[{"embeddable":true,"href":"https:\/\/www.helloskola.cz\/gymnazium\/wp-json\/wp\/v2\/users\/3"}],"replies":[{"embeddable":true,"href":"https:\/\/www.helloskola.cz\/gymnazium\/wp-json\/wp\/v2\/comments?post=1651"}],"version-history":[{"count":3,"href":"https:\/\/www.helloskola.cz\/gymnazium\/wp-json\/wp\/v2\/posts\/1651\/revisions"}],"predecessor-version":[{"id":1939,"href":"https:\/\/www.helloskola.cz\/gymnazium\/wp-json\/wp\/v2\/posts\/1651\/revisions\/1939"}],"wp:featuredmedia":[{"embeddable":true,"href":"https:\/\/www.helloskola.cz\/gymnazium\/wp-json\/wp\/v2\/media\/1653"}],"wp:attachment":[{"href":"https:\/\/www.helloskola.cz\/gymnazium\/wp-json\/wp\/v2\/media?parent=1651"}],"wp:term":[{"taxonomy":"category","embeddable":true,"href":"https:\/\/www.helloskola.cz\/gymnazium\/wp-json\/wp\/v2\/categories?post=1651"},{"taxonomy":"post_tag","embeddable":true,"href":"https:\/\/www.helloskola.cz\/gymnazium\/wp-json\/wp\/v2\/tags?post=1651"}],"curies":[{"name":"wp","href":"https:\/\/api.w.org\/{rel}","templated":true}]}}